{"id":28461,"date":"2015-04-03T20:22:01","date_gmt":"2015-04-03T17:22:01","guid":{"rendered":"http:\/\/www.sana.sy\/tr\/?p=28461"},"modified":"2015-04-04T14:49:28","modified_gmt":"2015-04-04T11:49:28","slug":"yermukte-catismalar-devam-ediyor","status":"publish","type":"post","link":"https:\/\/archive.sana.sy\/tr\/?p=28461","title":{"rendered":"Yerm\u00fck\u2019te \u00c7at\u0131\u015fmalar Devam Ediyor"},"content":{"rendered":"<p>\u015eAM \u2013 \u015eam\u2019\u0131n kenar mahallerinden Yerm\u00fck Kamp\u0131nda bir yandan Kaide \u00d6rg\u00fct\u00fcn\u00fcn Suriye kolu Nusra Cephesi ve I\u015e\u0130D, di\u011fer yandan da muhtelif adland\u0131rmalar alt\u0131ndaki terror \u00e7eteleri aras\u0131nda \u00e7at\u0131\u015fmalar devam ediyor.<\/p>\n<p>Yerm\u00fck kamp\u0131 yak\u0131nlar\u0131nda bulunan SANA muhabiri; kamp ve dahilinin tamam\u0131n\u0131n silahl\u0131 ter\u00f6r \u00f6rg\u00fctlerinin elinde oldu\u011funu aktar\u0131rken; Yerm\u00fck kamp\u0131nda uzun zamandan beri Suriye ordusu yada silahl\u0131 kuvvetlerimizin her hangi bir varl\u0131\u011f\u0131n\u0131n bulunmad\u0131\u011f\u0131n\u0131 vurgulad\u0131.<\/p>\n<p>Muhabir fakat silahl\u0131 kuvvetlerimizin Yerm\u00fck kamp\u0131n\u0131n ter\u00f6r \u00f6rg\u00fctlerin eline ge\u00e7mesinden sonra kamp\u0131 s\u0131k\u0131 bir \u00e7embere ald\u0131\u011f\u0131n\u0131n belirtti.<\/p>\n<p>A.A. &#8211; M.M.<\/p>\n","protected":false},"excerpt":{"rendered":"<p>\u015eAM \u2013 \u015eam\u2019\u0131n kenar mahallerinden Yerm\u00fck Kamp\u0131nda bir yandan Kaide \u00d6rg\u00fct\u00fcn\u00fcn Suriye kolu Nusra Cephesi ve I\u015e\u0130D, di\u011fer yandan da muhtelif adland\u0131rmalar alt\u0131ndaki terror \u00e7eteleri aras\u0131nda \u00e7at\u0131\u015fmalar devam ediyor. Yerm\u00fck kamp\u0131 yak\u0131nlar\u0131nda bulunan SANA muhabiri; kamp ve dahilinin tamam\u0131n\u0131n silahl\u0131 ter\u00f6r \u00f6rg\u00fctlerinin elinde oldu\u011funu aktar\u0131rken; Yerm\u00fck kamp\u0131nda uzun zamandan beri Suriye ordusu yada silahl\u0131 kuvvetlerimizin &hellip;<\/p>\n","protected":false},"author":1,"featured_media":28462,"comment_status":"closed","ping_status":"closed","sticky":false,"template":"","format":"standard","meta":{"footnotes":""},"categories":[479,575,478],"tags":[13239,13238,13237],"class_list":["post-28461","post","type-post","status-publish","format-standard","has-post-thumbnail","","category-haberler-yerel","category-olaylar-ve-gercekler","category-yerel","tag-diger-yandan-da-muhtelif-adlandirmalar-altindaki-terror-ceteleri-arasinda-catismalar-devam-ediyor","tag-sam-samin-kenar-mahallerinden-yermuk-kampinda-bir-yandan-kaide-orgutunun-suriye-kolu-nusra-cephesi-ve-isid","tag-yermukte-catismalar-devam-ediyor"],"_links":{"self":[{"href":"https:\/\/archive.sana.sy\/tr\/index.php?rest_route=\/wp\/v2\/posts\/28461","targetHints":{"allow":["GET"]}}],"collection":[{"href":"https:\/\/archive.sana.sy\/tr\/index.php?rest_route=\/wp\/v2\/posts"}],"about":[{"href":"https:\/\/archive.sana.sy\/tr\/index.php?rest_route=\/wp\/v2\/types\/post"}],"author":[{"embeddable":true,"href":"https:\/\/archive.sana.sy\/tr\/index.php?rest_route=\/wp\/v2\/users\/1"}],"replies":[{"embeddable":true,"href":"https:\/\/archive.sana.sy\/tr\/index.php?rest_route=%2Fwp%2Fv2%2Fcomments&post=28461"}],"version-history":[{"count":0,"href":"https:\/\/archive.sana.sy\/tr\/index.php?rest_route=\/wp\/v2\/posts\/28461\/revisions"}],"wp:featuredmedia":[{"embeddable":true,"href":"https:\/\/archive.sana.sy\/tr\/index.php?rest_route=\/wp\/v2\/media\/28462"}],"wp:attachment":[{"href":"https:\/\/archive.sana.sy\/tr\/index.php?rest_route=%2Fwp%2Fv2%2Fmedia&parent=28461"}],"wp:term":[{"taxonomy":"category","embeddable":true,"href":"https:\/\/archive.sana.sy\/tr\/index.php?rest_route=%2Fwp%2Fv2%2Fcategories&post=28461"},{"taxonomy":"post_tag","embeddable":true,"href":"https:\/\/archive.sana.sy\/tr\/index.php?rest_route=%2Fwp%2Fv2%2Ftags&post=28461"}],"curies":[{"name":"wp","href":"https:\/\/api.w.org\/{rel}","templated":true}]}}