{"id":284622,"date":"2023-07-19T09:28:41","date_gmt":"2023-07-19T06:28:41","guid":{"rendered":"https:\/\/sana.sy\/tr\/?p=284622"},"modified":"2023-07-20T08:30:53","modified_gmt":"2023-07-20T05:30:53","slug":"israil-isgal-gucleri-bati-kitada-10-filistinliyi-tutukladi","status":"publish","type":"post","link":"https:\/\/archive.sana.sy\/tr\/?p=284622","title":{"rendered":"\u0130srail \u0130\u015fgal G\u00fc\u00e7leri Bat\u0131 K\u0131ta&#8217;da 10 Filistinliyi Tutuklad\u0131"},"content":{"rendered":"<p>\u0130\u015eGAL ED\u0130LEN KUD\u00dcS \u2013\u0130srail i\u015fgal g\u00fc\u00e7leri, Bat\u0131 K\u0131ta&#8217;da 10 Filistinliyi tutuklad\u0131.<\/p>\n<p>WAFA Haber Ajans\u0131, i\u015fgal g\u00fc\u00e7lerinin, Tulkarem&#8217;deki birka\u00e7 mahalleye, Beyt Lahm&#8217;daki El Hedir kasabas\u0131 ve Dhei\u015feh kamp\u0131na, Ramallah&#8217;taki Nelin kasabas\u0131, Kud\u00fcs&#8217;teki Bedeviye ve El \u0130saviya&#8217;s\u0131, ve Cenin&#8217;deki Yabud beldelerine bask\u0131n d\u00fczenledi\u011fini belirtirken, Filistinlilerin evlerini bas\u0131p arad\u0131\u011f\u0131n\u0131 ve 10 ki\u015fiyi tutuklad\u0131\u011f\u0131na i\u015faret etti.<\/p>\n<p><a href=\"https:\/\/t.me\/SuriyeArapHaberAjansI\">Telegram Kanal\u0131m\u0131z\u00a0<\/a><\/p>\n<p><a href=\"https:\/\/www.facebook.com\/SANAHaberAjansi\/\">Facebook Sayfam\u0131z<\/a><\/p>\n<p><a href=\"https:\/\/twitter.com\/arap_ajans\">Twitter Hesab\u0131m\u0131z<\/a><\/p>\n","protected":false},"excerpt":{"rendered":"<p>\u0130\u015eGAL ED\u0130LEN KUD\u00dcS \u2013\u0130srail i\u015fgal g\u00fc\u00e7leri, Bat\u0131 K\u0131ta&#8217;da 10 Filistinliyi tutuklad\u0131. WAFA Haber Ajans\u0131, i\u015fgal g\u00fc\u00e7lerinin, Tulkarem&#8217;deki birka\u00e7 mahalleye, Beyt Lahm&#8217;daki El Hedir kasabas\u0131 ve Dhei\u015feh kamp\u0131na, Ramallah&#8217;taki Nelin kasabas\u0131, Kud\u00fcs&#8217;teki Bedeviye ve El \u0130saviya&#8217;s\u0131, ve Cenin&#8217;deki Yabud beldelerine bask\u0131n d\u00fczenledi\u011fini belirtirken, Filistinlilerin evlerini bas\u0131p arad\u0131\u011f\u0131n\u0131 ve 10 ki\u015fiyi tutuklad\u0131\u011f\u0131na i\u015faret etti. Telegram Kanal\u0131m\u0131z\u00a0 Facebook &hellip;<\/p>\n","protected":false},"author":39,"featured_media":284623,"comment_status":"closed","ping_status":"closed","sticky":false,"template":"","format":"standard","meta":{"footnotes":""},"categories":[458,459,17988],"tags":[],"class_list":["post-284622","post","type-post","status-publish","format-standard","has-post-thumbnail","","category-dunya1","category-haberler-arap-uluslararasi-politika","category-son-haberler"],"_links":{"self":[{"href":"https:\/\/archive.sana.sy\/tr\/index.php?rest_route=\/wp\/v2\/posts\/284622","targetHints":{"allow":["GET"]}}],"collection":[{"href":"https:\/\/archive.sana.sy\/tr\/index.php?rest_route=\/wp\/v2\/posts"}],"about":[{"href":"https:\/\/archive.sana.sy\/tr\/index.php?rest_route=\/wp\/v2\/types\/post"}],"author":[{"embeddable":true,"href":"https:\/\/archive.sana.sy\/tr\/index.php?rest_route=\/wp\/v2\/users\/39"}],"replies":[{"embeddable":true,"href":"https:\/\/archive.sana.sy\/tr\/index.php?rest_route=%2Fwp%2Fv2%2Fcomments&post=284622"}],"version-history":[{"count":1,"href":"https:\/\/archive.sana.sy\/tr\/index.php?rest_route=\/wp\/v2\/posts\/284622\/revisions"}],"predecessor-version":[{"id":284624,"href":"https:\/\/archive.sana.sy\/tr\/index.php?rest_route=\/wp\/v2\/posts\/284622\/revisions\/284624"}],"wp:featuredmedia":[{"embeddable":true,"href":"https:\/\/archive.sana.sy\/tr\/index.php?rest_route=\/wp\/v2\/media\/284623"}],"wp:attachment":[{"href":"https:\/\/archive.sana.sy\/tr\/index.php?rest_route=%2Fwp%2Fv2%2Fmedia&parent=284622"}],"wp:term":[{"taxonomy":"category","embeddable":true,"href":"https:\/\/archive.sana.sy\/tr\/index.php?rest_route=%2Fwp%2Fv2%2Fcategories&post=284622"},{"taxonomy":"post_tag","embeddable":true,"href":"https:\/\/archive.sana.sy\/tr\/index.php?rest_route=%2Fwp%2Fv2%2Ftags&post=284622"}],"curies":[{"name":"wp","href":"https:\/\/api.w.org\/{rel}","templated":true}]}}