{"id":284647,"date":"2023-07-19T16:59:03","date_gmt":"2023-07-19T13:59:03","guid":{"rendered":"https:\/\/sana.sy\/tr\/?p=284647"},"modified":"2023-07-19T17:15:10","modified_gmt":"2023-07-19T14:15:10","slug":"disisleri-bakanligi-suriye-bir-milyondan-fazla-suriyelinin-bir-savas-sucu-ve-insanliga-karsi-suc-olusturan-sudan-mahrum-birakilmasini-en-guclu-ifadelerle-kiniyor","status":"publish","type":"post","link":"https:\/\/archive.sana.sy\/tr\/?p=284647","title":{"rendered":"D\u0131\u015fi\u015fleri  Bakanl\u0131\u011f\u0131: Suriye, bir milyondan fazla Suriyelinin bir sava\u015f su\u00e7u ve insanl\u0131\u011fa kar\u015f\u0131 su\u00e7 olu\u015fturan sudan mahrum b\u0131rak\u0131lmas\u0131n\u0131 en g\u00fc\u00e7l\u00fc ifadelerle k\u0131n\u0131yor."},"content":{"rendered":"","protected":false},"excerpt":{"rendered":"","protected":false},"author":41,"featured_media":0,"comment_status":"closed","ping_status":"closed","sticky":false,"template":"","format":"standard","meta":{"footnotes":""},"categories":[1],"tags":[],"class_list":["post-284647","post","type-post","status-publish","format-standard","","category-news-not-sorted"],"_links":{"self":[{"href":"https:\/\/archive.sana.sy\/tr\/index.php?rest_route=\/wp\/v2\/posts\/284647","targetHints":{"allow":["GET"]}}],"collection":[{"href":"https:\/\/archive.sana.sy\/tr\/index.php?rest_route=\/wp\/v2\/posts"}],"about":[{"href":"https:\/\/archive.sana.sy\/tr\/index.php?rest_route=\/wp\/v2\/types\/post"}],"author":[{"embeddable":true,"href":"https:\/\/archive.sana.sy\/tr\/index.php?rest_route=\/wp\/v2\/users\/41"}],"replies":[{"embeddable":true,"href":"https:\/\/archive.sana.sy\/tr\/index.php?rest_route=%2Fwp%2Fv2%2Fcomments&post=284647"}],"version-history":[{"count":1,"href":"https:\/\/archive.sana.sy\/tr\/index.php?rest_route=\/wp\/v2\/posts\/284647\/revisions"}],"predecessor-version":[{"id":284648,"href":"https:\/\/archive.sana.sy\/tr\/index.php?rest_route=\/wp\/v2\/posts\/284647\/revisions\/284648"}],"wp:attachment":[{"href":"https:\/\/archive.sana.sy\/tr\/index.php?rest_route=%2Fwp%2Fv2%2Fmedia&parent=284647"}],"wp:term":[{"taxonomy":"category","embeddable":true,"href":"https:\/\/archive.sana.sy\/tr\/index.php?rest_route=%2Fwp%2Fv2%2Fcategories&post=284647"},{"taxonomy":"post_tag","embeddable":true,"href":"https:\/\/archive.sana.sy\/tr\/index.php?rest_route=%2Fwp%2Fv2%2Ftags&post=284647"}],"curies":[{"name":"wp","href":"https:\/\/api.w.org\/{rel}","templated":true}]}}