{"id":284649,"date":"2023-07-19T08:00:01","date_gmt":"2023-07-19T05:00:01","guid":{"rendered":"https:\/\/sana.sy\/tr\/?p=284649"},"modified":"2023-07-20T08:30:50","modified_gmt":"2023-07-20T05:30:50","slug":"inanilmaz-rakamlar-messi-yuzunden-inter-miami-biletleri-nasil-firladi","status":"publish","type":"post","link":"https:\/\/archive.sana.sy\/tr\/?p=284649","title":{"rendered":"\u0130nan\u0131lmaz Rakamlar.. Messi Y\u00fcz\u00fcnden Inter Miami Biletleri Nas\u0131l F\u0131rlad\u0131?"},"content":{"rendered":"<p><strong><span style=\"color: #800000;\">M\u0130AM\u0130<\/span> <\/strong><span style=\"color: #0000ff;\">19-07-2023\u00a0<\/span>&#8211; <strong>Amerikan &#8220;Forbes&#8221; dergisinin bildirdi\u011fi verilere g\u00f6re, futbol efsanesi Lionel Messi&#8217;nin Inter Miami&#8217;ye kat\u0131lmas\u0131, Amerikan tak\u0131m\u0131n\u0131n ma\u00e7lar\u0131n\u0131n bilet fiyatlar\u0131n\u0131n yakla\u015f\u0131k y\u00fczde 500 artmas\u0131na neden oldu<\/strong>.<\/p>\n<p>Amerikan Ligi taraftarlar\u0131, Frans\u0131z Paris Saint-Germain&#8217;den tak\u0131ma ge\u00e7en <span style=\"color: #ff0000;\">Messi<\/span>&#8216;yi g\u00f6rmek i\u00e7in Inter Miami ma\u00e7lar\u0131na bilet almak i\u00e7in yar\u0131\u015f\u0131yor. Cuma g\u00fcn\u00fc ilk resmi ma\u00e7\u0131na \u00e7\u0131kmas\u0131 da \u00a0bekleniyor.<\/p>\n<p>\u00d6n\u00fcm\u00fczdeki sezon evinde <span style=\"color: #ff0000;\">Inter Miami<\/span> ma\u00e7lar\u0131n\u0131n ortalama bilet fiyat\u0131 y\u00fczde 459 artarak 152 dolardan 850 dolara \u00e7\u0131kerken, TicketiQ verilerine g\u00f6re sonraki yedi tak\u0131m ma\u00e7\u0131 i\u00e7in biletler y\u00fczde 558 artt\u0131.<\/p>\n<p>Amerika ve Meksika federasyonlar\u0131n\u0131n Cuma g\u00fcn\u00fc d\u00fczenleyece\u011fi \u201cLig Kupas\u0131\u201d m\u00fcsabakas\u0131nda Meksika Cruz Azul ma\u00e7\u0131nda ise Messi&#8217;nin ilk kez forma giydi\u011fini g\u00f6rmek i\u00e7in en ucuz biletin fiyat\u0131 314 dolar. Ayn\u0131 ma\u00e7\u0131n ortalama bilet fiyat\u0131 1.294$, \u00f6n s\u0131radaki en pahal\u0131 orta saha koltu\u011fu ise 23.737$.<\/p>\n<p><span style=\"color: #000080;\"><span style=\"color: #0000ff;\"><strong>Ba\u015flang\u0131\u00e7<\/strong><\/span>:<\/span><\/p>\n<ul>\n<li>Arjantinli y\u0131ld\u0131z, Florida saatiyle sabah dokuzda, y\u00fcksek \u0131s\u0131n\u0131n ortas\u0131nda antrenman sahas\u0131na geldi\u011fi Sal\u0131 g\u00fcn\u00fc Inter Miami&#8217;de yeni meslekta\u015flar\u0131yla ilk antrenman\u0131na kat\u0131ld\u0131.<\/li>\n<li>Messi ve Barcelona&#8217;daki eski meslekta\u015f\u0131 Sergio Busquets, stadyuma girerken harika bir kutlama yapt\u0131lar, yeni meslekta\u015flar\u0131 her iki tarafta durup alk\u0131\u015flad\u0131, varl\u0131klar\u0131n\u0131 kutlad\u0131lar.<\/li>\n<li>Arjantinli y\u0131ld\u0131z, Inter Miami&#8217;nin h\u00fccum hatt\u0131nda partneri olacak Venezuelal\u0131 uluslararas\u0131 Josef Martinez ile konu\u015furken g\u00f6r\u00fcnt\u00fclendi.<\/li>\n<li>E\u011fitimi 200&#8217;den fazla medya mensubu takip ederken, bu say\u0131 ge\u00e7mi\u015fte 10&#8217;u ge\u00e7miyordu.<\/li>\n<li>Messi, Amerikan kul\u00fcb\u00fcn\u00fcn sahiplerinden eski \u0130ngiliz y\u0131ld\u0131z David Beckham ile Pazar g\u00fcn\u00fc resmi olarak bas\u0131na tan\u0131t\u0131ld\u0131.<\/li>\n<li>Messi, 1975&#8217;te New York Cosmos&#8217;a ta\u015f\u0131nan Brezilyal\u0131 m\u00fccevher Pele&#8217;den bu yana Amerikan Ligi&#8217;ne ta\u015f\u0131nan en \u00f6nemli isim oldu.<\/li>\n<\/ul>\n<p><a href=\"https:\/\/t.me\/SuriyeArapHaberAjansI\">Telegram Kanal\u0131m\u0131z\u00a0<\/a><\/p>\n<p><a href=\"https:\/\/www.facebook.com\/SANAHaberAjansi\/\">Facebook Sayfam\u0131z<\/a><\/p>\n<p><a href=\"https:\/\/twitter.com\/arap_ajans\">Twitter Hesab\u0131m\u0131z<\/a><\/p>\n","protected":false},"excerpt":{"rendered":"<p>M\u0130AM\u0130 19-07-2023\u00a0&#8211; Amerikan &#8220;Forbes&#8221; dergisinin bildirdi\u011fi verilere g\u00f6re, futbol efsanesi Lionel Messi&#8217;nin Inter Miami&#8217;ye kat\u0131lmas\u0131, Amerikan tak\u0131m\u0131n\u0131n ma\u00e7lar\u0131n\u0131n bilet fiyatlar\u0131n\u0131n yakla\u015f\u0131k y\u00fczde 500 artmas\u0131na neden oldu. Amerikan Ligi taraftarlar\u0131, Frans\u0131z Paris Saint-Germain&#8217;den tak\u0131ma ge\u00e7en Messi&#8216;yi g\u00f6rmek i\u00e7in Inter Miami ma\u00e7lar\u0131na bilet almak i\u00e7in yar\u0131\u015f\u0131yor. Cuma g\u00fcn\u00fc ilk resmi ma\u00e7\u0131na \u00e7\u0131kmas\u0131 da \u00a0bekleniyor. \u00d6n\u00fcm\u00fczdeki sezon evinde &hellip;<\/p>\n","protected":false},"author":41,"featured_media":284650,"comment_status":"closed","ping_status":"closed","sticky":false,"template":"","format":"standard","meta":{"footnotes":""},"categories":[458,498,459,17988,496],"tags":[38823,38819,38818,38820,38824,38822,38821],"class_list":["post-284649","post","type-post","status-publish","format-standard","has-post-thumbnail","","category-dunya1","category-dunya-turnuvalari","category-haberler-arap-uluslararasi-politika","category-son-haberler","category-spor","tag-amerikan-ligi","tag-arjantinli-yildiz","tag-david-beckham","tag-forbes","tag-fransiz-paris-saint-germain","tag-inanilmaz-rakamlar-messi-yuzunden-inter-miami-biletleri-nasil-firladi","tag-inter-miami"],"_links":{"self":[{"href":"https:\/\/archive.sana.sy\/tr\/index.php?rest_route=\/wp\/v2\/posts\/284649","targetHints":{"allow":["GET"]}}],"collection":[{"href":"https:\/\/archive.sana.sy\/tr\/index.php?rest_route=\/wp\/v2\/posts"}],"about":[{"href":"https:\/\/archive.sana.sy\/tr\/index.php?rest_route=\/wp\/v2\/types\/post"}],"author":[{"embeddable":true,"href":"https:\/\/archive.sana.sy\/tr\/index.php?rest_route=\/wp\/v2\/users\/41"}],"replies":[{"embeddable":true,"href":"https:\/\/archive.sana.sy\/tr\/index.php?rest_route=%2Fwp%2Fv2%2Fcomments&post=284649"}],"version-history":[{"count":1,"href":"https:\/\/archive.sana.sy\/tr\/index.php?rest_route=\/wp\/v2\/posts\/284649\/revisions"}],"predecessor-version":[{"id":284651,"href":"https:\/\/archive.sana.sy\/tr\/index.php?rest_route=\/wp\/v2\/posts\/284649\/revisions\/284651"}],"wp:featuredmedia":[{"embeddable":true,"href":"https:\/\/archive.sana.sy\/tr\/index.php?rest_route=\/wp\/v2\/media\/284650"}],"wp:attachment":[{"href":"https:\/\/archive.sana.sy\/tr\/index.php?rest_route=%2Fwp%2Fv2%2Fmedia&parent=284649"}],"wp:term":[{"taxonomy":"category","embeddable":true,"href":"https:\/\/archive.sana.sy\/tr\/index.php?rest_route=%2Fwp%2Fv2%2Fcategories&post=284649"},{"taxonomy":"post_tag","embeddable":true,"href":"https:\/\/archive.sana.sy\/tr\/index.php?rest_route=%2Fwp%2Fv2%2Ftags&post=284649"}],"curies":[{"name":"wp","href":"https:\/\/api.w.org\/{rel}","templated":true}]}}