{"id":28472,"date":"2015-04-04T10:24:16","date_gmt":"2015-04-04T07:24:16","guid":{"rendered":"http:\/\/www.sana.sy\/tr\/?p=28472"},"modified":"2015-04-04T10:24:16","modified_gmt":"2015-04-04T07:24:16","slug":"guvenlik-konseyi-rusyanin-yemende-koalisyonu-insani-duraksamalari-uygulamaya-baglayici-kilma-talebini-gorusuyor","status":"publish","type":"post","link":"https:\/\/archive.sana.sy\/tr\/?p=28472","title":{"rendered":"G\u00fcvenlik Konseyi, Rusya\u2019n\u0131n Yemen\u2019de \u201cKoalisyonu\u201d \u0130nsani Duraksamalar\u0131 Uygulamaya Ba\u011flay\u0131c\u0131 K\u0131lma Talebini G\u00f6r\u00fc\u015f\u00fcyor"},"content":{"rendered":"<p>MOSKOVA \u2013 Rusya, Suudi Arabistan liderli\u011finde y\u00fcr\u00fct\u00fclen ve Yemen\u2019e bombard\u0131manlar d\u00fczenleyen \u201ckoalisyonun\u201d insani duraksamalar\u0131 uygulamay\u0131 ba\u011flay\u0131c\u0131 k\u0131lan meselenin g\u00f6r\u00fc\u015f\u00fclmesi hedefiyle uluslararas\u0131 g\u00fcvenlik konseyinde isti\u015fareler yap\u0131lmas\u0131na \u00e7a\u011fr\u0131da bulundu.<\/p>\n<p>Rusya Today elektronik sitesi Rusya\u2019n\u0131n BM\u2019deki daimi temsilcisi bas\u0131n sekreteri Aleksi Zaitsev\u2019den naklen, isti\u015farelerin bu sabah kapal\u0131 kap\u0131lar ard\u0131nda d\u00fczenlenecek olan toplant\u0131 s\u0131ras\u0131nda ele al\u0131naca\u011f\u0131n\u0131 s\u00f6yledi.<\/p>\n<p>Zaitsev, toplant\u0131da Rusya taraf\u0131n\u0131 Rusya\u2019n\u0131n BM daimi temsilci yard\u0131mc\u0131s\u0131 Viladimir Safronkov\u2019un temsil edece\u011fine i\u015faret etti.<\/p>\n<p>Rusya D\u0131\u015fi\u015fleri Bakanl\u0131\u011f\u0131 d\u00fcn de Yemen\u2019de ki sava\u015f\u0131n derhal durdurulmas\u0131na ve ilgili b\u00fct\u00fcn Yemenli taraflar\u0131n kat\u0131l\u0131m\u0131yla diyalogun s\u00fcrd\u00fcr\u00fclmesine \u00e7a\u011fr\u0131da bulunmu\u015ftu.<\/p>\n<p>S.\u015e<\/p>\n","protected":false},"excerpt":{"rendered":"<p>MOSKOVA \u2013 Rusya, Suudi Arabistan liderli\u011finde y\u00fcr\u00fct\u00fclen ve Yemen\u2019e bombard\u0131manlar d\u00fczenleyen \u201ckoalisyonun\u201d insani duraksamalar\u0131 uygulamay\u0131 ba\u011flay\u0131c\u0131 k\u0131lan meselenin g\u00f6r\u00fc\u015f\u00fclmesi hedefiyle uluslararas\u0131 g\u00fcvenlik konseyinde isti\u015fareler yap\u0131lmas\u0131na \u00e7a\u011fr\u0131da bulundu. Rusya Today elektronik sitesi Rusya\u2019n\u0131n BM\u2019deki daimi temsilcisi bas\u0131n sekreteri Aleksi Zaitsev\u2019den naklen, isti\u015farelerin bu sabah kapal\u0131 kap\u0131lar ard\u0131nda d\u00fczenlenecek olan toplant\u0131 s\u0131ras\u0131nda ele al\u0131naca\u011f\u0131n\u0131 s\u00f6yledi. Zaitsev, toplant\u0131da &hellip;<\/p>\n","protected":false},"author":1,"featured_media":28473,"comment_status":"closed","ping_status":"closed","sticky":false,"template":"","format":"standard","meta":{"footnotes":""},"categories":[458,459,447],"tags":[],"class_list":["post-28472","post","type-post","status-publish","format-standard","has-post-thumbnail","","category-dunya1","category-haberler-arap-uluslararasi-politika","category-politika"],"_links":{"self":[{"href":"https:\/\/archive.sana.sy\/tr\/index.php?rest_route=\/wp\/v2\/posts\/28472","targetHints":{"allow":["GET"]}}],"collection":[{"href":"https:\/\/archive.sana.sy\/tr\/index.php?rest_route=\/wp\/v2\/posts"}],"about":[{"href":"https:\/\/archive.sana.sy\/tr\/index.php?rest_route=\/wp\/v2\/types\/post"}],"author":[{"embeddable":true,"href":"https:\/\/archive.sana.sy\/tr\/index.php?rest_route=\/wp\/v2\/users\/1"}],"replies":[{"embeddable":true,"href":"https:\/\/archive.sana.sy\/tr\/index.php?rest_route=%2Fwp%2Fv2%2Fcomments&post=28472"}],"version-history":[{"count":0,"href":"https:\/\/archive.sana.sy\/tr\/index.php?rest_route=\/wp\/v2\/posts\/28472\/revisions"}],"wp:featuredmedia":[{"embeddable":true,"href":"https:\/\/archive.sana.sy\/tr\/index.php?rest_route=\/wp\/v2\/media\/28473"}],"wp:attachment":[{"href":"https:\/\/archive.sana.sy\/tr\/index.php?rest_route=%2Fwp%2Fv2%2Fmedia&parent=28472"}],"wp:term":[{"taxonomy":"category","embeddable":true,"href":"https:\/\/archive.sana.sy\/tr\/index.php?rest_route=%2Fwp%2Fv2%2Fcategories&post=28472"},{"taxonomy":"post_tag","embeddable":true,"href":"https:\/\/archive.sana.sy\/tr\/index.php?rest_route=%2Fwp%2Fv2%2Ftags&post=28472"}],"curies":[{"name":"wp","href":"https:\/\/api.w.org\/{rel}","templated":true}]}}