{"id":28475,"date":"2015-04-04T11:04:19","date_gmt":"2015-04-04T08:04:19","guid":{"rendered":"http:\/\/www.sana.sy\/tr\/?p=28475"},"modified":"2015-04-04T12:18:59","modified_gmt":"2015-04-04T09:18:59","slug":"yelda-bebbila-ve-beyt-sahm-beldelerine-insani-yardim-kafilesi-gecirildi","status":"publish","type":"post","link":"https:\/\/archive.sana.sy\/tr\/?p=28475","title":{"rendered":"Yelda, Bebbila ve Beyt Sahm Beldelerine \u0130nsani Yard\u0131m Kafilesi Ge\u00e7irildi"},"content":{"rendered":"<p>\u015eAM KIRSALI \u2013 Suriye K\u0131z\u0131lay \u00d6rg\u00fct\u00fc i\u015fbirli\u011fiyle \u015eam K\u0131rsal\u0131\u2019nda ilkyard\u0131m \u015fube komitesi, h\u00fck\u00fcmet taraf\u0131ndan muhtelif b\u00f6lgelerde uzla\u015fma k\u00f6klerini g\u00fc\u00e7lendirme ve ba\u015far\u0131ya ula\u015ft\u0131rmak amac\u0131yla harcanan \u00e7abalar \u00e7er\u00e7evesinde d\u00fcn, \u015eam K\u0131rsal\u0131 Yelda, Bebbila ve Beyt Sahm Beldelerine 15 t\u0131r arac\u0131ndan olu\u015fan acil insani yard\u0131m kafilesi ge\u00e7irdi.<\/p>\n<p><a href=\"http:\/\/www.sana.sy\/tr\/wp-content\/uploads\/2015\/04\/Yelda-Bebbila-ve-Beyt-Sahm-\u0130nsani-Yard\u0131m-Kafilesi-1.jpg\"><img loading=\"lazy\" decoding=\"async\" class=\"alignright size-full wp-image-28476\" src=\"http:\/\/www.sana.sy\/tr\/wp-content\/uploads\/2015\/04\/Yelda-Bebbila-ve-Beyt-Sahm-\u0130nsani-Yard\u0131m-Kafilesi-1.jpg\" alt=\"Yelda, Bebbila ve Beyt Sahm \u0130nsani Yard\u0131m Kafilesi 1\" width=\"310\" height=\"203\" srcset=\"https:\/\/archive.sana.sy\/tr\/wp-content\/uploads\/2015\/04\/Yelda-Bebbila-ve-Beyt-Sahm-\u0130nsani-Yard\u0131m-Kafilesi-1.jpg 310w, https:\/\/archive.sana.sy\/tr\/wp-content\/uploads\/2015\/04\/Yelda-Bebbila-ve-Beyt-Sahm-\u0130nsani-Yard\u0131m-Kafilesi-1-150x98.jpg 150w, https:\/\/archive.sana.sy\/tr\/wp-content\/uploads\/2015\/04\/Yelda-Bebbila-ve-Beyt-Sahm-\u0130nsani-Yard\u0131m-Kafilesi-1-300x196.jpg 300w\" sizes=\"auto, (max-width: 310px) 100vw, 310px\" \/><\/a>9300 ailenin kald\u0131\u011f\u0131 s\u00f6z konusu Beldelere 7500 g\u0131da sepetini kapsayan insani yard\u0131mlar, Beyt Sahm Beldesine 4 ara\u00e7, Bebbila\u2019ya 5 ara\u00e7 ve Yelda Beldesi 6 ara\u00e7 ge\u00e7irildi, yard\u0131mlar g\u0131da ve acil maddelerden sepetler halinde da\u011f\u0131t\u0131ld\u0131.<\/p>\n<p>G\u0131da sepetlerini almaya gelen baz\u0131 vatanda\u015flar, ilk yard\u0131mlar\u0131n ge\u00e7irilmesinin, uzla\u015fma s\u00fcrecini tamamlamak i\u00e7in devlet ile vatanda\u015flar aras\u0131nda g\u00fcvenin bir t\u00fcr\u00fcn\u00fc olu\u015fturdu\u011funu varsayarak, bu beldelerde uzla\u015fma dosyas\u0131n\u0131n bitirilmesi ve tutuklular\u0131n serbest b\u0131rak\u0131lmas\u0131 i\u00e7in daha fazla \u00e7aba harcanmas\u0131 talebinde bulundular.<\/p>\n<p><a href=\"http:\/\/www.sana.sy\/tr\/wp-content\/uploads\/2015\/04\/Yelda-Bebbila-ve-Beyt-Sahm-\u0130nsani-Yard\u0131m-Kafilesi-2.jpg\"><img loading=\"lazy\" decoding=\"async\" class=\"alignright size-full wp-image-28477\" src=\"http:\/\/www.sana.sy\/tr\/wp-content\/uploads\/2015\/04\/Yelda-Bebbila-ve-Beyt-Sahm-\u0130nsani-Yard\u0131m-Kafilesi-2.jpg\" alt=\"Yelda, Bebbila ve Beyt Sahm \u0130nsani Yard\u0131m Kafilesi 2\" width=\"307\" height=\"203\" srcset=\"https:\/\/archive.sana.sy\/tr\/wp-content\/uploads\/2015\/04\/Yelda-Bebbila-ve-Beyt-Sahm-\u0130nsani-Yard\u0131m-Kafilesi-2.jpg 307w, https:\/\/archive.sana.sy\/tr\/wp-content\/uploads\/2015\/04\/Yelda-Bebbila-ve-Beyt-Sahm-\u0130nsani-Yard\u0131m-Kafilesi-2-150x99.jpg 150w, https:\/\/archive.sana.sy\/tr\/wp-content\/uploads\/2015\/04\/Yelda-Bebbila-ve-Beyt-Sahm-\u0130nsani-Yard\u0131m-Kafilesi-2-300x198.jpg 300w\" sizes=\"auto, (max-width: 307px) 100vw, 307px\" \/><\/a>Yelda Beldesinde uzla\u015fma komitesi ba\u015fkan\u0131 \u015feyh Salih el Hatip, yard\u0131mlar\u0131n girmesinin s\u00f6z konusu 3 Beldede (Yelda, Bebbila ve Beyt Sahm) ulusal uzla\u015fman\u0131n ba\u015far\u0131s\u0131na y\u00f6nelik g\u00fcveni peki\u015ftirdi\u011fine i\u015faret ederek, devlet ile i\u015fbirli\u011fi i\u00e7erisinde \u00e7\u00f6z\u00fcmde ortak olduklar\u0131n\u0131 belirtti.<\/p>\n<p>Kendi y\u00f6n\u00fcnden Beyt Sahm okulu m\u00fcd\u00fcr\u00fc Selim \u015eebaniye, yard\u0131m kafilesinin tekfiri ter\u00f6rden \u00e7eken vatanda\u015flar\u0131n yard\u0131m\u0131na ko\u015fmak i\u00e7in bir yol te\u015fkil etti\u011fine dikkat \u00e7ekerek, ter\u00f6ristlerin b\u00f6lgede i\u015fledikleri ve sebebiyet verdikleri ac\u0131, h\u00fcz\u00fcn, harap ve y\u0131k\u0131mdan s\u00f6z etti.<\/p>\n<p>Kendi y\u00f6n\u00fcnden, Bebbila Beldesinde uzla\u015fma komitesi ba\u015fkan\u0131 \u015feyh Enes el Tavil, ahalilerin yard\u0131m kafilelerinin beldelerine girmesiyle birlikte kendilerini g\u00fcvende hissettiklerini ve devletlerine olan g\u00fcvenlerini peki\u015ftirdi\u011fini a\u00e7\u0131klad\u0131.<\/p>\n<p>https:\/\/www.youtube.com\/watch?v=XNiOco0oRNw<\/p>\n<p>S.\u015e<\/p>\n","protected":false},"excerpt":{"rendered":"<p>\u015eAM KIRSALI \u2013 Suriye K\u0131z\u0131lay \u00d6rg\u00fct\u00fc i\u015fbirli\u011fiyle \u015eam K\u0131rsal\u0131\u2019nda ilkyard\u0131m \u015fube komitesi, h\u00fck\u00fcmet taraf\u0131ndan muhtelif b\u00f6lgelerde uzla\u015fma k\u00f6klerini g\u00fc\u00e7lendirme ve ba\u015far\u0131ya ula\u015ft\u0131rmak amac\u0131yla harcanan \u00e7abalar \u00e7er\u00e7evesinde d\u00fcn, \u015eam K\u0131rsal\u0131 Yelda, Bebbila ve Beyt Sahm Beldelerine 15 t\u0131r arac\u0131ndan olu\u015fan acil insani yard\u0131m kafilesi ge\u00e7irdi. 9300 ailenin kald\u0131\u011f\u0131 s\u00f6z konusu Beldelere 7500 g\u0131da sepetini kapsayan insani &hellip;<\/p>\n","protected":false},"author":1,"featured_media":28482,"comment_status":"closed","ping_status":"closed","sticky":false,"template":"","format":"standard","meta":{"footnotes":""},"categories":[479,575,478],"tags":[13242,13241],"class_list":["post-28475","post","type-post","status-publish","format-standard","has-post-thumbnail","","category-haberler-yerel","category-olaylar-ve-gercekler","category-yerel","tag-bebbila-ve-beyt-sahm-beldelerine-insani-yardim-kafilesi-gecirildi","tag-yelda"],"_links":{"self":[{"href":"https:\/\/archive.sana.sy\/tr\/index.php?rest_route=\/wp\/v2\/posts\/28475","targetHints":{"allow":["GET"]}}],"collection":[{"href":"https:\/\/archive.sana.sy\/tr\/index.php?rest_route=\/wp\/v2\/posts"}],"about":[{"href":"https:\/\/archive.sana.sy\/tr\/index.php?rest_route=\/wp\/v2\/types\/post"}],"author":[{"embeddable":true,"href":"https:\/\/archive.sana.sy\/tr\/index.php?rest_route=\/wp\/v2\/users\/1"}],"replies":[{"embeddable":true,"href":"https:\/\/archive.sana.sy\/tr\/index.php?rest_route=%2Fwp%2Fv2%2Fcomments&post=28475"}],"version-history":[{"count":0,"href":"https:\/\/archive.sana.sy\/tr\/index.php?rest_route=\/wp\/v2\/posts\/28475\/revisions"}],"wp:featuredmedia":[{"embeddable":true,"href":"https:\/\/archive.sana.sy\/tr\/index.php?rest_route=\/wp\/v2\/media\/28482"}],"wp:attachment":[{"href":"https:\/\/archive.sana.sy\/tr\/index.php?rest_route=%2Fwp%2Fv2%2Fmedia&parent=28475"}],"wp:term":[{"taxonomy":"category","embeddable":true,"href":"https:\/\/archive.sana.sy\/tr\/index.php?rest_route=%2Fwp%2Fv2%2Fcategories&post=28475"},{"taxonomy":"post_tag","embeddable":true,"href":"https:\/\/archive.sana.sy\/tr\/index.php?rest_route=%2Fwp%2Fv2%2Ftags&post=28475"}],"curies":[{"name":"wp","href":"https:\/\/api.w.org\/{rel}","templated":true}]}}