{"id":28483,"date":"2015-04-04T12:33:15","date_gmt":"2015-04-04T09:33:15","guid":{"rendered":"http:\/\/www.sana.sy\/tr\/?p=28483"},"modified":"2015-04-04T12:33:27","modified_gmt":"2015-04-04T09:33:27","slug":"isid-teror-orgutune-destek-ve-katilma-girisimleri-sucundan-amerikali-bayan-tutuklandi","status":"publish","type":"post","link":"https:\/\/archive.sana.sy\/tr\/?p=28483","title":{"rendered":"I\u015e\u0130D Ter\u00f6r \u00d6rg\u00fct\u00fcne Destek ve Kat\u0131lma Giri\u015fimleri Su\u00e7undan Amerikal\u0131 Bayan Tutukland\u0131"},"content":{"rendered":"<p>WASH\u0130NGTON \u2013 Amerikan otoriteleri, I\u015e\u0130D ter\u00f6r \u00f6rg\u00fct\u00fcne destek sunma yan\u0131 s\u0131ra yolculuk ve ona kat\u0131lma giri\u015fimleri su\u00e7lamalar\u0131yla Philadelphia vilayetinden bir bayan\u0131 tutuklad\u0131.<\/p>\n<p>Reuters Amerika Adalet Bakanl\u0131\u011f\u0131ndan naklen, 30 ya\u015f\u0131ndaki Kiona Thomas\u2019\u0131n d\u00fcn tutukland\u0131\u011f\u0131n\u0131 ve kendisine I\u015e\u0130D ter\u00f6r \u00f6rg\u00fct\u00fcne maddi ve kaynak deste\u011finde bulunma ve kat\u0131lma su\u00e7lamalar\u0131 y\u00f6neltti\u011fini s\u00f6yledi.<\/p>\n<p>Bakanl\u0131\u011fa g\u00f6re Thomas\u2019\u0131n su\u00e7lu bulunmas\u0131 halinde en \u00e7ok 15 y\u0131l hapis cezas\u0131yla kar\u015f\u0131 kar\u015f\u0131ya oldu\u011fu belirtildi.<\/p>\n<p>Aralar\u0131nda Amerika eski D\u0131\u015fi\u015fleri Bakan\u0131 Hillary Clinton\u2019un da aralar\u0131nda bulundu\u011fu Amerikal\u0131 ve bat\u0131l\u0131 yetkililerin itiraflar\u0131 yan\u0131 s\u0131ra somut ger\u00e7ekler, ABD\u2018nin orta do\u011fudaki \u00e7\u0131karlar\u0131n\u0131 sa\u011flamak i\u00e7in I\u015e\u0130D ter\u00f6r \u00f6rg\u00fct\u00fcn\u00fcn Amerikan \u0130stihbarat cihazlar\u0131 taraf\u0131ndan kuruldu\u011funu, finansmanl\u0131\u011f\u0131n\u0131 \u00c2l Suud ailesinin \u00fcstlenece\u011fi, Recep Tayyip Erdo\u011fan rejiminin de ter\u00f6rist sald\u0131r\u0131lar\u0131n\u0131 kolayla\u015ft\u0131rma ve ter\u00f6ristlerinin T\u00fcrkiye topraklar\u0131n\u0131 kullanarak Suriye ve Irak\u2019a ge\u00e7i\u015flerini sa\u011flayaca\u011f\u0131n\u0131 ortaya \u00e7\u0131kard\u0131.<\/p>\n<p>Thomas hakk\u0131nda sunulan su\u00e7 davas\u0131, Thomas\u2019\u0131n internet \u015febekesi kanal\u0131yla, Suriye topraklar\u0131na s\u0131n\u0131rlar\u0131 kanal\u0131yla kolayl\u0131kla s\u0131zan ter\u00f6ristleri destekleyen en bariz \u00fclkelerin ba\u015f\u0131nda gelen T\u00fcrkiye\u2019ye gitmek i\u00e7in do\u011frudan olmayan hava seferleri arad\u0131\u011f\u0131n\u0131 da a\u00e7\u0131klad\u0131.<\/p>\n<p>S.\u015e<\/p>\n","protected":false},"excerpt":{"rendered":"<p>WASH\u0130NGTON \u2013 Amerikan otoriteleri, I\u015e\u0130D ter\u00f6r \u00f6rg\u00fct\u00fcne destek sunma yan\u0131 s\u0131ra yolculuk ve ona kat\u0131lma giri\u015fimleri su\u00e7lamalar\u0131yla Philadelphia vilayetinden bir bayan\u0131 tutuklad\u0131. Reuters Amerika Adalet Bakanl\u0131\u011f\u0131ndan naklen, 30 ya\u015f\u0131ndaki Kiona Thomas\u2019\u0131n d\u00fcn tutukland\u0131\u011f\u0131n\u0131 ve kendisine I\u015e\u0130D ter\u00f6r \u00f6rg\u00fct\u00fcne maddi ve kaynak deste\u011finde bulunma ve kat\u0131lma su\u00e7lamalar\u0131 y\u00f6neltti\u011fini s\u00f6yledi. Bakanl\u0131\u011fa g\u00f6re Thomas\u2019\u0131n su\u00e7lu bulunmas\u0131 halinde en &hellip;<\/p>\n","protected":false},"author":1,"featured_media":28484,"comment_status":"closed","ping_status":"closed","sticky":false,"template":"","format":"standard","meta":{"footnotes":""},"categories":[458,459,447],"tags":[13244],"class_list":["post-28483","post","type-post","status-publish","format-standard","has-post-thumbnail","","category-dunya1","category-haberler-arap-uluslararasi-politika","category-politika","tag-isid-teror-orgutune-destek-ve-katilma-girisimleri-sucundan-amerikali-bayan-tutuklandi"],"_links":{"self":[{"href":"https:\/\/archive.sana.sy\/tr\/index.php?rest_route=\/wp\/v2\/posts\/28483","targetHints":{"allow":["GET"]}}],"collection":[{"href":"https:\/\/archive.sana.sy\/tr\/index.php?rest_route=\/wp\/v2\/posts"}],"about":[{"href":"https:\/\/archive.sana.sy\/tr\/index.php?rest_route=\/wp\/v2\/types\/post"}],"author":[{"embeddable":true,"href":"https:\/\/archive.sana.sy\/tr\/index.php?rest_route=\/wp\/v2\/users\/1"}],"replies":[{"embeddable":true,"href":"https:\/\/archive.sana.sy\/tr\/index.php?rest_route=%2Fwp%2Fv2%2Fcomments&post=28483"}],"version-history":[{"count":0,"href":"https:\/\/archive.sana.sy\/tr\/index.php?rest_route=\/wp\/v2\/posts\/28483\/revisions"}],"wp:featuredmedia":[{"embeddable":true,"href":"https:\/\/archive.sana.sy\/tr\/index.php?rest_route=\/wp\/v2\/media\/28484"}],"wp:attachment":[{"href":"https:\/\/archive.sana.sy\/tr\/index.php?rest_route=%2Fwp%2Fv2%2Fmedia&parent=28483"}],"wp:term":[{"taxonomy":"category","embeddable":true,"href":"https:\/\/archive.sana.sy\/tr\/index.php?rest_route=%2Fwp%2Fv2%2Fcategories&post=28483"},{"taxonomy":"post_tag","embeddable":true,"href":"https:\/\/archive.sana.sy\/tr\/index.php?rest_route=%2Fwp%2Fv2%2Ftags&post=28483"}],"curies":[{"name":"wp","href":"https:\/\/api.w.org\/{rel}","templated":true}]}}