{"id":284859,"date":"2023-07-23T13:40:38","date_gmt":"2023-07-23T10:40:38","guid":{"rendered":"https:\/\/sana.sy\/tr\/?p=284859"},"modified":"2023-09-17T10:36:32","modified_gmt":"2023-09-17T07:36:32","slug":"putin-kiev-guclerinin-rus-ordu-kuvvetlerine-karsi-baslatilan-saldirinin-basarisiz-oldugunu-ilan-etti","status":"publish","type":"post","link":"https:\/\/archive.sana.sy\/tr\/?p=284859","title":{"rendered":"Putin, Kiev G\u00fc\u00e7lerinin Rus Ordu Kuvvetlerine Kar\u015f\u0131 Ba\u015flat\u0131lan Sald\u0131r\u0131n\u0131n Ba\u015far\u0131s\u0131z Oldu\u011funu \u0130lan Etti"},"content":{"rendered":"<p style=\"text-align: justify;\"><strong>ST- PETERSBURG<\/strong> <strong>23 Temmuz (SANA)<\/strong>\u2013 Rusya Devlet Ba\u015fkan\u0131 Vladimir Putin, bug\u00fcn Kiev g\u00fc\u00e7lerinin Rus ordu g\u00fc\u00e7lerine kar\u015f\u0131 ba\u015flatt\u0131\u011f\u0131 kar\u015f\u0131 sald\u0131r\u0131n\u0131n ba\u015far\u0131s\u0131z oldu\u011funu ilan etti.<\/p>\n<p style=\"text-align: justify;\">TASS Haber Ajans\u0131n\u0131n aktard\u0131\u011f\u0131na g\u00f6re Putin, &#8220;Sald\u0131r\u0131n\u0131n devam eden ancak ba\u015far\u0131s\u0131z oldu\u011funu a\u00e7\u0131klayarak, Ukrayna kar\u015f\u0131 sald\u0131r\u0131s\u0131n\u0131n bir etkisinin olmad\u0131\u011f\u0131n\u0131&#8221; dedi.<\/p>\n<p style=\"text-align: justify;\">Putin ayr\u0131ca, Rus ordusunun ge\u00e7ti\u011fimiz g\u00fcn \u00e7ok say\u0131da Bat\u0131l\u0131 te\u00e7hizat\u0131 imha etti\u011fine i\u015faret etti.<\/p>\n<p><a href=\"https:\/\/t.me\/SuriyeArapHaberAjansI\">Telegram Kanal\u0131m\u0131z\u00a0<\/a><\/p>\n<p><a href=\"https:\/\/www.facebook.com\/SANAHaberAjansi\/\">Facebook Sayfam\u0131z<\/a><\/p>\n<p><a href=\"https:\/\/twitter.com\/arap_ajans\">Twitter Hesab\u0131m\u0131z<\/a><\/p>\n","protected":false},"excerpt":{"rendered":"<p>ST- PETERSBURG 23 Temmuz (SANA)\u2013 Rusya Devlet Ba\u015fkan\u0131 Vladimir Putin, bug\u00fcn Kiev g\u00fc\u00e7lerinin Rus ordu g\u00fc\u00e7lerine kar\u015f\u0131 ba\u015flatt\u0131\u011f\u0131 kar\u015f\u0131 sald\u0131r\u0131n\u0131n ba\u015far\u0131s\u0131z oldu\u011funu ilan etti. TASS Haber Ajans\u0131n\u0131n aktard\u0131\u011f\u0131na g\u00f6re Putin, &#8220;Sald\u0131r\u0131n\u0131n devam eden ancak ba\u015far\u0131s\u0131z oldu\u011funu a\u00e7\u0131klayarak, Ukrayna kar\u015f\u0131 sald\u0131r\u0131s\u0131n\u0131n bir etkisinin olmad\u0131\u011f\u0131n\u0131&#8221; dedi. Putin ayr\u0131ca, Rus ordusunun ge\u00e7ti\u011fimiz g\u00fcn \u00e7ok say\u0131da Bat\u0131l\u0131 te\u00e7hizat\u0131 imha &hellip;<\/p>\n","protected":false},"author":39,"featured_media":284860,"comment_status":"closed","ping_status":"closed","sticky":false,"template":"","format":"standard","meta":{"footnotes":""},"categories":[458,459,17988],"tags":[38696,38600,31629],"class_list":["post-284859","post","type-post","status-publish","format-standard","has-post-thumbnail","","category-dunya1","category-haberler-arap-uluslararasi-politika","category-son-haberler","tag-kiev-gucleri","tag-rusya-devlet-baskani-vladimir-putin","tag-tass-haber-ajansi"],"_links":{"self":[{"href":"https:\/\/archive.sana.sy\/tr\/index.php?rest_route=\/wp\/v2\/posts\/284859","targetHints":{"allow":["GET"]}}],"collection":[{"href":"https:\/\/archive.sana.sy\/tr\/index.php?rest_route=\/wp\/v2\/posts"}],"about":[{"href":"https:\/\/archive.sana.sy\/tr\/index.php?rest_route=\/wp\/v2\/types\/post"}],"author":[{"embeddable":true,"href":"https:\/\/archive.sana.sy\/tr\/index.php?rest_route=\/wp\/v2\/users\/39"}],"replies":[{"embeddable":true,"href":"https:\/\/archive.sana.sy\/tr\/index.php?rest_route=%2Fwp%2Fv2%2Fcomments&post=284859"}],"version-history":[{"count":9,"href":"https:\/\/archive.sana.sy\/tr\/index.php?rest_route=\/wp\/v2\/posts\/284859\/revisions"}],"predecessor-version":[{"id":288202,"href":"https:\/\/archive.sana.sy\/tr\/index.php?rest_route=\/wp\/v2\/posts\/284859\/revisions\/288202"}],"wp:featuredmedia":[{"embeddable":true,"href":"https:\/\/archive.sana.sy\/tr\/index.php?rest_route=\/wp\/v2\/media\/284860"}],"wp:attachment":[{"href":"https:\/\/archive.sana.sy\/tr\/index.php?rest_route=%2Fwp%2Fv2%2Fmedia&parent=284859"}],"wp:term":[{"taxonomy":"category","embeddable":true,"href":"https:\/\/archive.sana.sy\/tr\/index.php?rest_route=%2Fwp%2Fv2%2Fcategories&post=284859"},{"taxonomy":"post_tag","embeddable":true,"href":"https:\/\/archive.sana.sy\/tr\/index.php?rest_route=%2Fwp%2Fv2%2Ftags&post=284859"}],"curies":[{"name":"wp","href":"https:\/\/api.w.org\/{rel}","templated":true}]}}