{"id":28489,"date":"2015-04-04T12:47:52","date_gmt":"2015-04-04T09:47:52","guid":{"rendered":"http:\/\/www.sana.sy\/tr\/?p=28489"},"modified":"2015-04-04T12:42:40","modified_gmt":"2015-04-04T09:42:40","slug":"askeri-kaynak-ordu-birliklerimizin-hama-dogusundaki-latamneh-ve-selemiye-kirsalinda-bazi-teroristleri-oldurduklerini-soyledi","status":"publish","type":"post","link":"https:\/\/archive.sana.sy\/tr\/?p=28489","title":{"rendered":"Askeri kaynak, ordu birliklerimizin Hama do\u011fusundaki Latamneh ve Selemiye k\u0131rsal\u0131nda baz\u0131 ter\u00f6ristleri \u00f6ld\u00fcrd\u00fcklerini s\u00f6yledi."},"content":{"rendered":"<p>Askeri kaynak, ordu birliklerimizin Hama do\u011fusundaki Latamneh ve Selemiye k\u0131rsal\u0131nda baz\u0131 ter\u00f6ristleri \u00f6ld\u00fcrd\u00fcklerini s\u00f6yledi.<\/p>\n","protected":false},"excerpt":{"rendered":"<p>Askeri kaynak, ordu birliklerimizin Hama do\u011fusundaki Latamneh ve Selemiye k\u0131rsal\u0131nda baz\u0131 ter\u00f6ristleri \u00f6ld\u00fcrd\u00fcklerini s\u00f6yledi.<\/p>\n","protected":false},"author":1,"featured_media":0,"comment_status":"closed","ping_status":"closed","sticky":false,"template":"","format":"standard","meta":{"footnotes":""},"categories":[1],"tags":[1031,13249],"class_list":["post-28489","post","type-post","status-publish","format-standard","","category-news-not-sorted","tag-askeri-kaynak","tag-ordu-birliklerimizin-hama-dogusundaki-latamneh-ve-selemiye-kirsalinda-bazi-teroristleri-oldurduklerini-soyledi"],"_links":{"self":[{"href":"https:\/\/archive.sana.sy\/tr\/index.php?rest_route=\/wp\/v2\/posts\/28489","targetHints":{"allow":["GET"]}}],"collection":[{"href":"https:\/\/archive.sana.sy\/tr\/index.php?rest_route=\/wp\/v2\/posts"}],"about":[{"href":"https:\/\/archive.sana.sy\/tr\/index.php?rest_route=\/wp\/v2\/types\/post"}],"author":[{"embeddable":true,"href":"https:\/\/archive.sana.sy\/tr\/index.php?rest_route=\/wp\/v2\/users\/1"}],"replies":[{"embeddable":true,"href":"https:\/\/archive.sana.sy\/tr\/index.php?rest_route=%2Fwp%2Fv2%2Fcomments&post=28489"}],"version-history":[{"count":0,"href":"https:\/\/archive.sana.sy\/tr\/index.php?rest_route=\/wp\/v2\/posts\/28489\/revisions"}],"wp:attachment":[{"href":"https:\/\/archive.sana.sy\/tr\/index.php?rest_route=%2Fwp%2Fv2%2Fmedia&parent=28489"}],"wp:term":[{"taxonomy":"category","embeddable":true,"href":"https:\/\/archive.sana.sy\/tr\/index.php?rest_route=%2Fwp%2Fv2%2Fcategories&post=28489"},{"taxonomy":"post_tag","embeddable":true,"href":"https:\/\/archive.sana.sy\/tr\/index.php?rest_route=%2Fwp%2Fv2%2Ftags&post=28489"}],"curies":[{"name":"wp","href":"https:\/\/api.w.org\/{rel}","templated":true}]}}