{"id":28491,"date":"2015-04-04T12:55:14","date_gmt":"2015-04-04T09:55:14","guid":{"rendered":"http:\/\/www.sana.sy\/tr\/?p=28491"},"modified":"2015-04-04T12:46:58","modified_gmt":"2015-04-04T09:46:58","slug":"askeri-kaynak-ordu-birliklerimizin-dera-kirsali-akraba-naime-ve-dera-beled-de-nusra-cephesi-teror-orgutune-ait-cephane-depolari-yani-sira-4-araclarini-imha-ettiklerini-saflarinda-da-cok-sayida-teror","status":"publish","type":"post","link":"https:\/\/archive.sana.sy\/tr\/?p=28491","title":{"rendered":"Askeri kaynak, ordu birliklerimizin Dera k\u0131rsal\u0131 Akraba, Naime ve Dera Beled de Nusra Cephesi ter\u00f6r \u00f6rg\u00fct\u00fcne ait cephane depolar\u0131 yan\u0131 s\u0131ra 4 ara\u00e7lar\u0131n\u0131 imha ettiklerini saflar\u0131nda da \u00e7ok say\u0131da ter\u00f6risti \u00f6l\u00fc ve yaral\u0131 d\u00fc\u015f\u00fcrd\u00fcklerini s\u00f6yledi."},"content":{"rendered":"<p>Askeri kaynak, ordu birliklerimizin Dera k\u0131rsal\u0131 Akraba, Naime ve Dera Beled de Nusra Cephesi ter\u00f6r \u00f6rg\u00fct\u00fcne ait cephane depolar\u0131 yan\u0131 s\u0131ra 4 ara\u00e7lar\u0131n\u0131 imha ettiklerini saflar\u0131nda da \u00e7ok say\u0131da ter\u00f6risti \u00f6l\u00fc ve yaral\u0131 d\u00fc\u015f\u00fcrd\u00fcklerini s\u00f6yledi.<\/p>\n","protected":false},"excerpt":{"rendered":"<p>Askeri kaynak, ordu birliklerimizin Dera k\u0131rsal\u0131 Akraba, Naime ve Dera Beled de Nusra Cephesi ter\u00f6r \u00f6rg\u00fct\u00fcne ait cephane depolar\u0131 yan\u0131 s\u0131ra 4 ara\u00e7lar\u0131n\u0131 imha ettiklerini saflar\u0131nda da \u00e7ok say\u0131da ter\u00f6risti \u00f6l\u00fc ve yaral\u0131 d\u00fc\u015f\u00fcrd\u00fcklerini s\u00f6yledi.<\/p>\n","protected":false},"author":1,"featured_media":0,"comment_status":"closed","ping_status":"closed","sticky":false,"template":"","format":"standard","meta":{"footnotes":""},"categories":[1],"tags":[1031,13250,11807],"class_list":["post-28491","post","type-post","status-publish","format-standard","","category-news-not-sorted","tag-askeri-kaynak","tag-naime-ve-dera-beled-de-nusra-cephesi-teror-orgutune-ait-cephane-depolari-yani-sira-4-araclarini-imha-ettiklerini-saflarinda-da-cok-sayida-teroristi-olu-ve-yarali-dusurduklerini-soyledi","tag-ordu-birliklerimizin-dera-kirsali-akraba"],"_links":{"self":[{"href":"https:\/\/archive.sana.sy\/tr\/index.php?rest_route=\/wp\/v2\/posts\/28491","targetHints":{"allow":["GET"]}}],"collection":[{"href":"https:\/\/archive.sana.sy\/tr\/index.php?rest_route=\/wp\/v2\/posts"}],"about":[{"href":"https:\/\/archive.sana.sy\/tr\/index.php?rest_route=\/wp\/v2\/types\/post"}],"author":[{"embeddable":true,"href":"https:\/\/archive.sana.sy\/tr\/index.php?rest_route=\/wp\/v2\/users\/1"}],"replies":[{"embeddable":true,"href":"https:\/\/archive.sana.sy\/tr\/index.php?rest_route=%2Fwp%2Fv2%2Fcomments&post=28491"}],"version-history":[{"count":0,"href":"https:\/\/archive.sana.sy\/tr\/index.php?rest_route=\/wp\/v2\/posts\/28491\/revisions"}],"wp:attachment":[{"href":"https:\/\/archive.sana.sy\/tr\/index.php?rest_route=%2Fwp%2Fv2%2Fmedia&parent=28491"}],"wp:term":[{"taxonomy":"category","embeddable":true,"href":"https:\/\/archive.sana.sy\/tr\/index.php?rest_route=%2Fwp%2Fv2%2Fcategories&post=28491"},{"taxonomy":"post_tag","embeddable":true,"href":"https:\/\/archive.sana.sy\/tr\/index.php?rest_route=%2Fwp%2Fv2%2Ftags&post=28491"}],"curies":[{"name":"wp","href":"https:\/\/api.w.org\/{rel}","templated":true}]}}