{"id":284932,"date":"2023-07-24T14:55:31","date_gmt":"2023-07-24T11:55:31","guid":{"rendered":"https:\/\/sana.sy\/tr\/?p=284932"},"modified":"2023-07-26T08:16:34","modified_gmt":"2023-07-26T05:16:34","slug":"halk-meclisi-ekonomik-ve-yasam-kosullarini-gorusmek-icin-olaganustu-bir-oturum-duzenledi","status":"publish","type":"post","link":"https:\/\/archive.sana.sy\/tr\/?p=284932","title":{"rendered":"Halk Meclisi, Ekonomik Ve Ya\u015fam Ko\u015fullar\u0131n\u0131 G\u00f6r\u00fc\u015fmek \u0130\u00e7in Ola\u011fan\u00fcst\u00fc Bir Oturum D\u00fczenledi"},"content":{"rendered":"<p><strong>\u015eAM 24 Temmuz (SANA)<\/strong> &#8211; Halk Meclisi, Meclis Ba\u015fkan\u0131 Hammuda Sabba\u011f ba\u015fkanl\u0131\u011f\u0131nda, Ba\u015fbakan H\u00fcseyin Arnus ve bakanlar\u0131n huzurunda, Suriye liras\u0131n\u0131n ekonomik ve canl\u0131 ger\u00e7ekli\u011fini ve d\u00f6viz kurunu incelemeye ve g\u00f6r\u00fc\u015fmeye ayr\u0131lan \u00fc\u00e7\u00fcnc\u00fc yasama oturumu i\u00e7in be\u015finci ola\u011fan\u00fcst\u00fc oturumunun \u00e7al\u0131\u015fmalar\u0131na ba\u015flad\u0131.<\/p>\n<p>Arnus meclis \u00fcyeleri \u00f6n\u00fcnde, \u2018\u2019Baz\u0131lar\u0131, bug\u00fcn bu oturumu bir istisna olarak tutman\u0131n, konunun \u00e7ok tehlikeli olmas\u0131ndan kaynakland\u0131\u011f\u0131n\u0131 g\u00f6rebilir. Ancak ger\u00e7ek \u015fu ki, d\u00fc\u015fmanlar\u0131m\u0131z Suriye&#8217;ye sava\u015f a\u00e7t\u0131klar\u0131ndan beri tehlike kal\u0131c\u0131 ve hakim durumda\u2019\u2019 dedi.<\/p>\n<p>Ba\u015fbakan Arnus, \u2018\u2019Ulusal ekonomi, en belirgin olan\u0131 yerel d\u00f6viz kurundaki h\u0131zl\u0131 ve \u00f6nemli art\u0131\u015f olabilecek a\u00e7\u0131k bir istikrars\u0131zl\u0131k durumuna tan\u0131k oluyor.\u00a0 Buna, \u00f6zellikle s\u0131n\u0131rl\u0131 geliri olan insanlar\u0131 zorlayan sat\u0131n alma g\u00fcc\u00fcndeki d\u00fc\u015f\u00fc\u015f e\u015flik ediyor. Bu da, fiyatlar\u0131n y\u00fcksek ve irrasyonel seviyeleriyle sonu\u00e7lanan fiyatland\u0131rma mekanizmas\u0131n\u0131n yap\u0131s\u0131n\u0131n bozulmas\u0131na ek olarak ortaya \u00e7ekiyor\u2019\u2019 ifadelerini kulland\u0131.<\/p>\n<p>&#8221;H\u00fck\u00fcmetin plan ve y\u00f6nlendirmeleri zaruret ve ka\u00e7\u0131n\u0131lmazl\u0131k ba\u015fl\u0131\u011f\u0131na girmedi\u011fi kadar kanaat ve ak\u0131lc\u0131l\u0131k ba\u015fl\u0131\u011f\u0131na da giriyor&#8221; diyen Arnus, &#8221; Bug\u00fcn ger\u00e7eklere dayanan bir diyal\u00f6ge ihtiyac\u0131m\u0131z var umutlara de\u011fil&#8221; dedi.<\/p>\n<p>&nbsp;<\/p>\n<p><span style=\"color: #0000ff;\">Devam\u0131 Gelriyor&#8230;<\/span><\/p>\n","protected":false},"excerpt":{"rendered":"<p>\u015eAM 24 Temmuz (SANA) &#8211; Halk Meclisi, Meclis Ba\u015fkan\u0131 Hammuda Sabba\u011f ba\u015fkanl\u0131\u011f\u0131nda, Ba\u015fbakan H\u00fcseyin Arnus ve bakanlar\u0131n huzurunda, Suriye liras\u0131n\u0131n ekonomik ve canl\u0131 ger\u00e7ekli\u011fini ve d\u00f6viz kurunu incelemeye ve g\u00f6r\u00fc\u015fmeye ayr\u0131lan \u00fc\u00e7\u00fcnc\u00fc yasama oturumu i\u00e7in be\u015finci ola\u011fan\u00fcst\u00fc oturumunun \u00e7al\u0131\u015fmalar\u0131na ba\u015flad\u0131. Arnus meclis \u00fcyeleri \u00f6n\u00fcnde, \u2018\u2019Baz\u0131lar\u0131, bug\u00fcn bu oturumu bir istisna olarak tutman\u0131n, konunun \u00e7ok tehlikeli &hellip;<\/p>\n","protected":false},"author":41,"featured_media":284933,"comment_status":"closed","ping_status":"closed","sticky":false,"template":"","format":"standard","meta":{"footnotes":""},"categories":[479,17988,478],"tags":[24376,38894,19043,22182],"class_list":["post-284932","post","type-post","status-publish","format-standard","has-post-thumbnail","","category-haberler-yerel","category-son-haberler","category-yerel","tag-suriye-halk-meclisi","tag-suriyede-ekonom-durumu","tag-suriyede-son-durum","tag-suriyede-savas"],"_links":{"self":[{"href":"https:\/\/archive.sana.sy\/tr\/index.php?rest_route=\/wp\/v2\/posts\/284932","targetHints":{"allow":["GET"]}}],"collection":[{"href":"https:\/\/archive.sana.sy\/tr\/index.php?rest_route=\/wp\/v2\/posts"}],"about":[{"href":"https:\/\/archive.sana.sy\/tr\/index.php?rest_route=\/wp\/v2\/types\/post"}],"author":[{"embeddable":true,"href":"https:\/\/archive.sana.sy\/tr\/index.php?rest_route=\/wp\/v2\/users\/41"}],"replies":[{"embeddable":true,"href":"https:\/\/archive.sana.sy\/tr\/index.php?rest_route=%2Fwp%2Fv2%2Fcomments&post=284932"}],"version-history":[{"count":4,"href":"https:\/\/archive.sana.sy\/tr\/index.php?rest_route=\/wp\/v2\/posts\/284932\/revisions"}],"predecessor-version":[{"id":284945,"href":"https:\/\/archive.sana.sy\/tr\/index.php?rest_route=\/wp\/v2\/posts\/284932\/revisions\/284945"}],"wp:featuredmedia":[{"embeddable":true,"href":"https:\/\/archive.sana.sy\/tr\/index.php?rest_route=\/wp\/v2\/media\/284933"}],"wp:attachment":[{"href":"https:\/\/archive.sana.sy\/tr\/index.php?rest_route=%2Fwp%2Fv2%2Fmedia&parent=284932"}],"wp:term":[{"taxonomy":"category","embeddable":true,"href":"https:\/\/archive.sana.sy\/tr\/index.php?rest_route=%2Fwp%2Fv2%2Fcategories&post=284932"},{"taxonomy":"post_tag","embeddable":true,"href":"https:\/\/archive.sana.sy\/tr\/index.php?rest_route=%2Fwp%2Fv2%2Ftags&post=284932"}],"curies":[{"name":"wp","href":"https:\/\/api.w.org\/{rel}","templated":true}]}}