{"id":284936,"date":"2023-07-24T15:33:32","date_gmt":"2023-07-24T12:33:32","guid":{"rendered":"https:\/\/sana.sy\/tr\/?p=284936"},"modified":"2023-07-25T08:22:01","modified_gmt":"2023-07-25T05:22:01","slug":"almanya-savunma-bakani-ukraynaya-buyuk-miktarlarda-muhimmat-tedariki-nedeniyle-muhimmat-sikintisi-cekiyoruz","status":"publish","type":"post","link":"https:\/\/archive.sana.sy\/tr\/?p=284936","title":{"rendered":"Almanya Savunma Bakan\u0131: Ukrayna&#8217;ya B\u00fcy\u00fck Miktarlarda M\u00fchimmat Tedariki Nedeniyle M\u00fchimmat S\u0131k\u0131nt\u0131s\u0131 \u00c7ekiyoruz"},"content":{"rendered":"<p style=\"text-align: justify;\"><strong>BERL\u0130N<\/strong> <strong>24 Temmuz (SANA)<\/strong> &#8211; Almanya Savunma Bakan\u0131 Boris Pistorius, Ukrayna&#8217;ya b\u00fcy\u00fck miktarlarda m\u00fchimmat tedarikinin devam etmesi nedeniyle \u00fclkesinin m\u00fchimmat s\u0131k\u0131nt\u0131s\u0131 \u00e7ekti\u011fini a\u00e7\u0131klad\u0131.<\/p>\n<p style=\"text-align: justify;\">Alman dergisi Der Spiegel, bug\u00fcn Pistorius&#8217;un, \u2018\u20192031 y\u0131l\u0131na kadar a\u00e7\u0131\u011f\u0131 kapatmak i\u00e7in 20 milyar avro ayr\u0131laca\u011f\u0131n\u0131 a\u00e7\u0131klayan &#8220;M\u00fchimmat olmadan en geli\u015fmi\u015f silah sistemleri bile i\u015fe yaramaz\u2019\u2019 ifadelerini aktard\u0131.<\/p>\n<p style=\"text-align: justify;\">Almanya, Kiev rejimine yap\u0131lan askeri yard\u0131m miktar\u0131 bak\u0131m\u0131ndan ABD&#8217;den sonra ikinci s\u0131rada yer almaktad\u0131r.<\/p>\n<p style=\"text-align: justify;\"><a href=\"https:\/\/t.me\/SuriyeArapHaberAjansI\">Telegram Kanal\u0131m\u0131z\u00a0<\/a><\/p>\n<p style=\"text-align: justify;\"><a href=\"https:\/\/www.facebook.com\/SANAHaberAjansi\/\">Facebook Sayfam\u0131z<\/a><\/p>\n<p style=\"text-align: justify;\"><a href=\"https:\/\/twitter.com\/arap_ajans\">Twitter Hesab\u0131m\u0131z<\/a><\/p>\n","protected":false},"excerpt":{"rendered":"<p>BERL\u0130N 24 Temmuz (SANA) &#8211; Almanya Savunma Bakan\u0131 Boris Pistorius, Ukrayna&#8217;ya b\u00fcy\u00fck miktarlarda m\u00fchimmat tedarikinin devam etmesi nedeniyle \u00fclkesinin m\u00fchimmat s\u0131k\u0131nt\u0131s\u0131 \u00e7ekti\u011fini a\u00e7\u0131klad\u0131. Alman dergisi Der Spiegel, bug\u00fcn Pistorius&#8217;un, \u2018\u20192031 y\u0131l\u0131na kadar a\u00e7\u0131\u011f\u0131 kapatmak i\u00e7in 20 milyar avro ayr\u0131laca\u011f\u0131n\u0131 a\u00e7\u0131klayan &#8220;M\u00fchimmat olmadan en geli\u015fmi\u015f silah sistemleri bile i\u015fe yaramaz\u2019\u2019 ifadelerini aktard\u0131. Almanya, Kiev rejimine yap\u0131lan &hellip;<\/p>\n","protected":false},"author":41,"featured_media":284937,"comment_status":"closed","ping_status":"closed","sticky":false,"template":"","format":"standard","meta":{"footnotes":""},"categories":[458,459,17988],"tags":[38897,38895,38896,38898],"class_list":["post-284936","post","type-post","status-publish","format-standard","has-post-thumbnail","","category-dunya1","category-haberler-arap-uluslararasi-politika","category-son-haberler","tag-alman-dergisi-der-spiegel","tag-almanya-savunma-bakani-boris-pistorius","tag-almanyanin-ukraynada-savasindaki-rolu","tag-ukraynada-son-durum"],"_links":{"self":[{"href":"https:\/\/archive.sana.sy\/tr\/index.php?rest_route=\/wp\/v2\/posts\/284936","targetHints":{"allow":["GET"]}}],"collection":[{"href":"https:\/\/archive.sana.sy\/tr\/index.php?rest_route=\/wp\/v2\/posts"}],"about":[{"href":"https:\/\/archive.sana.sy\/tr\/index.php?rest_route=\/wp\/v2\/types\/post"}],"author":[{"embeddable":true,"href":"https:\/\/archive.sana.sy\/tr\/index.php?rest_route=\/wp\/v2\/users\/41"}],"replies":[{"embeddable":true,"href":"https:\/\/archive.sana.sy\/tr\/index.php?rest_route=%2Fwp%2Fv2%2Fcomments&post=284936"}],"version-history":[{"count":2,"href":"https:\/\/archive.sana.sy\/tr\/index.php?rest_route=\/wp\/v2\/posts\/284936\/revisions"}],"predecessor-version":[{"id":284955,"href":"https:\/\/archive.sana.sy\/tr\/index.php?rest_route=\/wp\/v2\/posts\/284936\/revisions\/284955"}],"wp:featuredmedia":[{"embeddable":true,"href":"https:\/\/archive.sana.sy\/tr\/index.php?rest_route=\/wp\/v2\/media\/284937"}],"wp:attachment":[{"href":"https:\/\/archive.sana.sy\/tr\/index.php?rest_route=%2Fwp%2Fv2%2Fmedia&parent=284936"}],"wp:term":[{"taxonomy":"category","embeddable":true,"href":"https:\/\/archive.sana.sy\/tr\/index.php?rest_route=%2Fwp%2Fv2%2Fcategories&post=284936"},{"taxonomy":"post_tag","embeddable":true,"href":"https:\/\/archive.sana.sy\/tr\/index.php?rest_route=%2Fwp%2Fv2%2Ftags&post=284936"}],"curies":[{"name":"wp","href":"https:\/\/api.w.org\/{rel}","templated":true}]}}