{"id":284939,"date":"2023-07-24T12:00:21","date_gmt":"2023-07-24T09:00:21","guid":{"rendered":"https:\/\/sana.sy\/tr\/?p=284939"},"modified":"2023-07-25T08:19:57","modified_gmt":"2023-07-25T05:19:57","slug":"medvedev-savunma-bakanligini-sivilleri-hedef-almasina-yanit-olarak-ukraynada-beklenmedik-hedefleri-vurmaya-cagirdi","status":"publish","type":"post","link":"https:\/\/archive.sana.sy\/tr\/?p=284939","title":{"rendered":"Medvedev, Savunma Bakanl\u0131\u011f\u0131&#8217;n\u0131 Sivilleri Hedef Almas\u0131na Yan\u0131t Olarak Ukrayna&#8217;da Beklenmedik Hedefleri Vurmaya \u00c7a\u011f\u0131rd\u0131"},"content":{"rendered":"<p><strong>MOSKOVA 24 Temmuz (SANA)<\/strong> &#8211; Rusya G\u00fcvenlik Konseyi Ba\u015fkan Yard\u0131mc\u0131s\u0131 Dimitri Medvedev, Kiev g\u00fc\u00e7lerinin Rusya&#8217;daki sivil b\u00f6lgeleri hedef almas\u0131na yan\u0131t olarak Savunma Bakanl\u0131\u011f\u0131&#8217;n\u0131 Ukrayna&#8217;da beklenmedik hedefleri vurmaya \u00e7a\u011f\u0131rd\u0131.<\/p>\n<p>Medvedev ayr\u0131ca, \u2018\u2019Kar\u015f\u0131 sald\u0131r\u0131lar\u0131n\u0131n ba\u015far\u0131s\u0131zl\u0131\u011f\u0131 g\u00f6z \u00f6n\u00fcne al\u0131nd\u0131\u011f\u0131nda, Bandera&#8217;n\u0131n al\u00e7aklar\u0131, bar\u0131\u015f\u00e7\u0131l ve sivil hedeflere kar\u015f\u0131 a\u015fa\u011f\u0131l\u0131k sald\u0131r\u0131lara giderek daha fazla ba\u015fvuruyor. Bandera&#8217;n\u0131n m\u00fcritleri, al\u00e7ak\u00e7a sald\u0131r\u0131lar\u0131 i\u00e7in giderek daha fazla bar\u0131\u015f\u00e7\u0131l hedefler se\u00e7iyor ve herkes buna haz\u0131rl\u0131kl\u0131 olmal\u0131\u2019\u2019 dedi.<\/p>\n<p>Medvedev, &#8220;Rus sald\u0131r\u0131lar\u0131 i\u00e7in yaln\u0131zca depolama alanlar\u0131, enerji merkezleri ve benzin istasyonlar\u0131 ile s\u0131n\u0131rl\u0131 de\u011fil, ayn\u0131 zamanda beklemedikleri ve \u00fczerlerinde \u00e7ok b\u00fcy\u00fck yank\u0131lar\u0131 ve etkileri olan di\u011fer yerler i\u00e7in ola\u011fand\u0131\u015f\u0131 hedefler se\u00e7me gere\u011fini de vurgulad\u0131.<\/p>\n<p><a href=\"https:\/\/t.me\/SuriyeArapHaberAjansI\">Telegram Kanal\u0131m\u0131z\u00a0<\/a><\/p>\n<p><a href=\"https:\/\/www.facebook.com\/SANAHaberAjansi\/\">Facebook Sayfam\u0131z<\/a><\/p>\n<p><a href=\"https:\/\/twitter.com\/arap_ajans\">Twitter Hesab\u0131m\u0131z<\/a><\/p>\n","protected":false},"excerpt":{"rendered":"<p>MOSKOVA 24 Temmuz (SANA) &#8211; Rusya G\u00fcvenlik Konseyi Ba\u015fkan Yard\u0131mc\u0131s\u0131 Dimitri Medvedev, Kiev g\u00fc\u00e7lerinin Rusya&#8217;daki sivil b\u00f6lgeleri hedef almas\u0131na yan\u0131t olarak Savunma Bakanl\u0131\u011f\u0131&#8217;n\u0131 Ukrayna&#8217;da beklenmedik hedefleri vurmaya \u00e7a\u011f\u0131rd\u0131. Medvedev ayr\u0131ca, \u2018\u2019Kar\u015f\u0131 sald\u0131r\u0131lar\u0131n\u0131n ba\u015far\u0131s\u0131zl\u0131\u011f\u0131 g\u00f6z \u00f6n\u00fcne al\u0131nd\u0131\u011f\u0131nda, Bandera&#8217;n\u0131n al\u00e7aklar\u0131, bar\u0131\u015f\u00e7\u0131l ve sivil hedeflere kar\u015f\u0131 a\u015fa\u011f\u0131l\u0131k sald\u0131r\u0131lara giderek daha fazla ba\u015fvuruyor. Bandera&#8217;n\u0131n m\u00fcritleri, al\u00e7ak\u00e7a sald\u0131r\u0131lar\u0131 i\u00e7in giderek &hellip;<\/p>\n","protected":false},"author":41,"featured_media":284940,"comment_status":"closed","ping_status":"closed","sticky":false,"template":"","format":"standard","meta":{"footnotes":""},"categories":[458,459,17988],"tags":[38758,38900,38899,38628,38898],"class_list":["post-284939","post","type-post","status-publish","format-standard","has-post-thumbnail","","category-dunya1","category-haberler-arap-uluslararasi-politika","category-son-haberler","tag-medvedev","tag-rusya-guvenlik-konseyi-baskan-yardimcisi-dimitri-medvedev","tag-savunma-bakanligini-sivilleri-hedef-almasina-yanit-olarak-ukraynada-beklenmedik-hedefleri-vurmaya-cagirdi","tag-ukraynada-savas","tag-ukraynada-son-durum"],"_links":{"self":[{"href":"https:\/\/archive.sana.sy\/tr\/index.php?rest_route=\/wp\/v2\/posts\/284939","targetHints":{"allow":["GET"]}}],"collection":[{"href":"https:\/\/archive.sana.sy\/tr\/index.php?rest_route=\/wp\/v2\/posts"}],"about":[{"href":"https:\/\/archive.sana.sy\/tr\/index.php?rest_route=\/wp\/v2\/types\/post"}],"author":[{"embeddable":true,"href":"https:\/\/archive.sana.sy\/tr\/index.php?rest_route=\/wp\/v2\/users\/41"}],"replies":[{"embeddable":true,"href":"https:\/\/archive.sana.sy\/tr\/index.php?rest_route=%2Fwp%2Fv2%2Fcomments&post=284939"}],"version-history":[{"count":1,"href":"https:\/\/archive.sana.sy\/tr\/index.php?rest_route=\/wp\/v2\/posts\/284939\/revisions"}],"predecessor-version":[{"id":284941,"href":"https:\/\/archive.sana.sy\/tr\/index.php?rest_route=\/wp\/v2\/posts\/284939\/revisions\/284941"}],"wp:featuredmedia":[{"embeddable":true,"href":"https:\/\/archive.sana.sy\/tr\/index.php?rest_route=\/wp\/v2\/media\/284940"}],"wp:attachment":[{"href":"https:\/\/archive.sana.sy\/tr\/index.php?rest_route=%2Fwp%2Fv2%2Fmedia&parent=284939"}],"wp:term":[{"taxonomy":"category","embeddable":true,"href":"https:\/\/archive.sana.sy\/tr\/index.php?rest_route=%2Fwp%2Fv2%2Fcategories&post=284939"},{"taxonomy":"post_tag","embeddable":true,"href":"https:\/\/archive.sana.sy\/tr\/index.php?rest_route=%2Fwp%2Fv2%2Ftags&post=284939"}],"curies":[{"name":"wp","href":"https:\/\/api.w.org\/{rel}","templated":true}]}}