{"id":28494,"date":"2015-04-04T13:19:41","date_gmt":"2015-04-04T10:19:41","guid":{"rendered":"http:\/\/www.sana.sy\/tr\/?p=28494"},"modified":"2015-04-04T13:21:32","modified_gmt":"2015-04-04T10:21:32","slug":"ahali-namlulari-nusra-isid-ve-onlari-destekleyenlere-yoneltti","status":"publish","type":"post","link":"https:\/\/archive.sana.sy\/tr\/?p=28494","title":{"rendered":"Ahali Namlular\u0131 Nusra, I\u015e\u0130D ve Onlar\u0131 Destekleyenlere Y\u00f6neltti"},"content":{"rendered":"<p>\u015eAM KIRSALI \u2013 \u015eam k\u0131rsal\u0131n\u0131n g\u00fcneyinde Beyt Sahm, Yelda ve Babbila beldeleri ahalisi d\u00fcn Nusra Cephesi ve I\u015e\u0130D\u2019e kar\u015f\u0131 bir g\u00f6steri d\u00fczenledi.<\/p>\n<p>Y\u00fczlerce vatanda\u015f\u0131n kat\u0131ld\u0131\u011f\u0131 g\u00f6steride halk kitleleri Nusra Cephesi ve I\u015e\u0130D \u00e7etelerine kar\u015f\u0131 sloganlar atarken, bu ter\u00f6r \u00e7etelerinin sald\u0131r\u0131lar\u0131na maruz kalan Yerm\u00fck Kamp\u0131 ahalisine destek \u00e7a\u011fr\u0131lar\u0131nda bulundular.<\/p>\n<p>Ter\u00f6ristlerin i\u015fledikleri vah\u015fetleri sloganlarla k\u0131nayan halk kitleleri; Suriye&#8217;nin toprak ve halk b\u00fct\u00fcnl\u00fc\u011f\u00fcne s\u0131ms\u0131k\u0131 tutunduklar\u0131n\u0131, ulusal uzla\u015fma \u00e7abalar\u0131n\u0131n ba\u015far\u0131s\u0131 i\u00e7in ellerinden gelen her gayreti g\u00f6stereceklerini hayk\u0131rd\u0131.<\/p>\n<p>Halk kitleleri vatana y\u0131k\u0131m ve \u00f6l\u00fcmden ba\u015fka bir \u015fey getirmeyen silahlar\u0131n b\u0131rak\u0131lmas\u0131 \u00e7a\u011fr\u0131s\u0131nda bulunarak, vatan ve ordusuna kar\u015f\u0131 silah ta\u015f\u0131yan t\u00fcm Suriyelileri d\u0131\u015f g\u00fc\u00e7lerin tabili\u011fini b\u0131rak\u0131p vatan kuca\u011f\u0131na d\u00f6nmeye davet ettiler.<\/p>\n<p>Kalabal\u0131k halk kitleleri silah namlular\u0131n\u0131n vatan ve birli\u011fine de\u011fil, Nusra Cephesi ve I\u015e\u0130D\u2019e kar\u015f\u0131 y\u00f6nlendirilmesi gere\u011finin alt\u0131n\u0131 \u00e7izdi.<\/p>\n<p>Bu arada ilgili g\u00fcvenlik kurumlar\u0131 s\u00f6z konusu beldelerde y\u00fcr\u00fct\u00fclmekte olan ulusal uzla\u015fma \u00e7abalar\u0131n\u0131n ba\u015far\u0131s\u0131 i\u00e7in \u00e7ok say\u0131da kanun ka\u00e7a\u011f\u0131n\u0131n kanuni durumlar\u0131n\u0131 yeniden d\u00fczenledi. Bu \u00e7abalar kapsam\u0131nda kanun ka\u00e7aklar\u0131 silahlar\u0131yla teslim olmalar\u0131 ard\u0131ndan serbest b\u0131rak\u0131l\u0131p yeniden normal ya\u015famlar\u0131na d\u00f6nd\u00fc.<\/p>\n<p>https:\/\/www.youtube.com\/watch?v=Cvy8OdeVOkI<\/p>\n<p>A.A.<\/p>\n","protected":false},"excerpt":{"rendered":"<p>\u015eAM KIRSALI \u2013 \u015eam k\u0131rsal\u0131n\u0131n g\u00fcneyinde Beyt Sahm, Yelda ve Babbila beldeleri ahalisi d\u00fcn Nusra Cephesi ve I\u015e\u0130D\u2019e kar\u015f\u0131 bir g\u00f6steri d\u00fczenledi. Y\u00fczlerce vatanda\u015f\u0131n kat\u0131ld\u0131\u011f\u0131 g\u00f6steride halk kitleleri Nusra Cephesi ve I\u015e\u0130D \u00e7etelerine kar\u015f\u0131 sloganlar atarken, bu ter\u00f6r \u00e7etelerinin sald\u0131r\u0131lar\u0131na maruz kalan Yerm\u00fck Kamp\u0131 ahalisine destek \u00e7a\u011fr\u0131lar\u0131nda bulundular. Ter\u00f6ristlerin i\u015fledikleri vah\u015fetleri sloganlarla k\u0131nayan halk kitleleri; &hellip;<\/p>\n","protected":false},"author":1,"featured_media":28495,"comment_status":"closed","ping_status":"closed","sticky":false,"template":"","format":"standard","meta":{"footnotes":""},"categories":[596,479,575,478],"tags":[13252,13253,13254],"class_list":["post-28494","post","type-post","status-publish","format-standard","has-post-thumbnail","","category-fotografli-raporlar","category-haberler-yerel","category-olaylar-ve-gercekler","category-yerel","tag-ahali-namlulari-nusra","tag-isid-ve-onlari-destekleyenlere-yoneltti-sam-kirsali-sam-kirsalinin-guneyinde-beyt-sahm","tag-yelda-ve-babbila-beldeleri-ahalisi-dun-nusra-cephesi-ve-iside-karsi-bir-gosteri-duzenledi"],"_links":{"self":[{"href":"https:\/\/archive.sana.sy\/tr\/index.php?rest_route=\/wp\/v2\/posts\/28494","targetHints":{"allow":["GET"]}}],"collection":[{"href":"https:\/\/archive.sana.sy\/tr\/index.php?rest_route=\/wp\/v2\/posts"}],"about":[{"href":"https:\/\/archive.sana.sy\/tr\/index.php?rest_route=\/wp\/v2\/types\/post"}],"author":[{"embeddable":true,"href":"https:\/\/archive.sana.sy\/tr\/index.php?rest_route=\/wp\/v2\/users\/1"}],"replies":[{"embeddable":true,"href":"https:\/\/archive.sana.sy\/tr\/index.php?rest_route=%2Fwp%2Fv2%2Fcomments&post=28494"}],"version-history":[{"count":0,"href":"https:\/\/archive.sana.sy\/tr\/index.php?rest_route=\/wp\/v2\/posts\/28494\/revisions"}],"wp:featuredmedia":[{"embeddable":true,"href":"https:\/\/archive.sana.sy\/tr\/index.php?rest_route=\/wp\/v2\/media\/28495"}],"wp:attachment":[{"href":"https:\/\/archive.sana.sy\/tr\/index.php?rest_route=%2Fwp%2Fv2%2Fmedia&parent=28494"}],"wp:term":[{"taxonomy":"category","embeddable":true,"href":"https:\/\/archive.sana.sy\/tr\/index.php?rest_route=%2Fwp%2Fv2%2Fcategories&post=28494"},{"taxonomy":"post_tag","embeddable":true,"href":"https:\/\/archive.sana.sy\/tr\/index.php?rest_route=%2Fwp%2Fv2%2Ftags&post=28494"}],"curies":[{"name":"wp","href":"https:\/\/api.w.org\/{rel}","templated":true}]}}