{"id":284942,"date":"2023-07-24T11:10:33","date_gmt":"2023-07-24T08:10:33","guid":{"rendered":"https:\/\/sana.sy\/tr\/?p=284942"},"modified":"2023-07-25T08:19:35","modified_gmt":"2023-07-25T05:19:35","slug":"paris-saint-germain-suudi-arabistanli-hilalin-fransiz-yildizi-mbappe-ile-sozlesme-imzalamasina-izin-verd","status":"publish","type":"post","link":"https:\/\/archive.sana.sy\/tr\/?p=284942","title":{"rendered":"Paris Saint-Germain, Suudi Arabistanl\u0131 Hilal&#8217;in Frans\u0131z Y\u0131ld\u0131z\u0131 Mbappe \u0130le S\u00f6zle\u015fme \u0130mzalamas\u0131na \u0130zin Verdi"},"content":{"rendered":"<p><strong>PAR\u0130S\u00a0 22 Temmuz (SANA)<\/strong> &#8211; Paris Saint-Germain, Suudi Arabistanl\u0131\u00a0 Hilal&#8217;in yaz transfer d\u00f6neminde Frans\u0131z y\u0131ld\u0131z\u0131 Kylian Mbappe ile g\u00f6r\u00fc\u015fmesine izin verdi.<\/p>\n<p>M\u00fczakerelere yak\u0131n bir kaynak Pazartesi g\u00fcn\u00fc &#8220;Agence France Presse&#8221;ye Paris Saint-Germain&#8217;in El Hilal Suudi kul\u00fcb\u00fcne 300 milyon avroluk bir teklif sunduktan sonra Mbappe ile g\u00f6r\u00fc\u015fme izni verdi\u011fini s\u00f6yledi.<\/p>\n<p>2011&#8217;den beri Katar&#8217;\u0131n sahibi oldu\u011fu Paris kul\u00fcb\u00fc, El Hilal&#8217;den Mbappe&#8217;ye a\u00e7\u0131k bir teklif ve s\u00f6zle\u015fme teklifine izin verilmesi talebini i\u00e7eren bir mektup ald\u0131.<\/p>\n<p>Daha \u00f6nce Real Madrid&#8217;in renklerini ta\u015f\u0131ma arzusunun aksine Suudi Ligi&#8217;ne gitmek istedi\u011fini hi\u00e7bir zaman dile getirmeyen Mbappe&#8217;nin onay\u0131 olmadan b\u00f6yle bir s\u00f6zle\u015fme ger\u00e7ekle\u015femez.<\/p>\n<p><a href=\"https:\/\/t.me\/SuriyeArapHaberAjansI\">Telegram Kanal\u0131m\u0131z\u00a0<\/a><\/p>\n<p><a href=\"https:\/\/www.facebook.com\/SANAHaberAjansi\/\">Facebook Sayfam\u0131z<\/a><\/p>\n<p><a href=\"https:\/\/twitter.com\/arap_ajans\">Twitter Hesab\u0131m\u0131z<\/a><\/p>\n","protected":false},"excerpt":{"rendered":"<p>PAR\u0130S\u00a0 22 Temmuz (SANA) &#8211; Paris Saint-Germain, Suudi Arabistanl\u0131\u00a0 Hilal&#8217;in yaz transfer d\u00f6neminde Frans\u0131z y\u0131ld\u0131z\u0131 Kylian Mbappe ile g\u00f6r\u00fc\u015fmesine izin verdi. M\u00fczakerelere yak\u0131n bir kaynak Pazartesi g\u00fcn\u00fc &#8220;Agence France Presse&#8221;ye Paris Saint-Germain&#8217;in El Hilal Suudi kul\u00fcb\u00fcne 300 milyon avroluk bir teklif sunduktan sonra Mbappe ile g\u00f6r\u00fc\u015fme izni verdi\u011fini s\u00f6yledi. 2011&#8217;den beri Katar&#8217;\u0131n sahibi oldu\u011fu Paris &hellip;<\/p>\n","protected":false},"author":41,"featured_media":284943,"comment_status":"closed","ping_status":"closed","sticky":false,"template":"","format":"standard","meta":{"footnotes":""},"categories":[458,498,459,17988,496],"tags":[28999,38901,38903,38902,38904],"class_list":["post-284942","post","type-post","status-publish","format-standard","has-post-thumbnail","","category-dunya1","category-dunya-turnuvalari","category-haberler-arap-uluslararasi-politika","category-son-haberler","category-spor","tag-agence-france-presse","tag-paris-saint-germain","tag-real-madrid","tag-suudi-arabistanli-hilal","tag-ylian-mbappe"],"_links":{"self":[{"href":"https:\/\/archive.sana.sy\/tr\/index.php?rest_route=\/wp\/v2\/posts\/284942","targetHints":{"allow":["GET"]}}],"collection":[{"href":"https:\/\/archive.sana.sy\/tr\/index.php?rest_route=\/wp\/v2\/posts"}],"about":[{"href":"https:\/\/archive.sana.sy\/tr\/index.php?rest_route=\/wp\/v2\/types\/post"}],"author":[{"embeddable":true,"href":"https:\/\/archive.sana.sy\/tr\/index.php?rest_route=\/wp\/v2\/users\/41"}],"replies":[{"embeddable":true,"href":"https:\/\/archive.sana.sy\/tr\/index.php?rest_route=%2Fwp%2Fv2%2Fcomments&post=284942"}],"version-history":[{"count":3,"href":"https:\/\/archive.sana.sy\/tr\/index.php?rest_route=\/wp\/v2\/posts\/284942\/revisions"}],"predecessor-version":[{"id":284989,"href":"https:\/\/archive.sana.sy\/tr\/index.php?rest_route=\/wp\/v2\/posts\/284942\/revisions\/284989"}],"wp:featuredmedia":[{"embeddable":true,"href":"https:\/\/archive.sana.sy\/tr\/index.php?rest_route=\/wp\/v2\/media\/284943"}],"wp:attachment":[{"href":"https:\/\/archive.sana.sy\/tr\/index.php?rest_route=%2Fwp%2Fv2%2Fmedia&parent=284942"}],"wp:term":[{"taxonomy":"category","embeddable":true,"href":"https:\/\/archive.sana.sy\/tr\/index.php?rest_route=%2Fwp%2Fv2%2Fcategories&post=284942"},{"taxonomy":"post_tag","embeddable":true,"href":"https:\/\/archive.sana.sy\/tr\/index.php?rest_route=%2Fwp%2Fv2%2Ftags&post=284942"}],"curies":[{"name":"wp","href":"https:\/\/api.w.org\/{rel}","templated":true}]}}