{"id":284975,"date":"2023-07-24T15:32:08","date_gmt":"2023-07-24T12:32:08","guid":{"rendered":"https:\/\/sana.sy\/tr\/?p=284975"},"modified":"2023-07-24T19:43:56","modified_gmt":"2023-07-24T16:43:56","slug":"suriye-binicilik-takimi-rusya-sampiyonasinda-ucuncu-oldu","status":"publish","type":"post","link":"https:\/\/archive.sana.sy\/tr\/?p=284975","title":{"rendered":"Suriye Binicilik Tak\u0131m\u0131 Rusya \u015eampiyonas\u0131nda \u00dc\u00e7\u00fcnc\u00fc Oldu"},"content":{"rendered":"<p style=\"text-align: justify;\"><strong>MOSKOVA<\/strong> \u00a0<strong>24 Temmuz (SANA)-<\/strong> Rusya&#8217;n\u0131n ba\u015fkenti Moskova&#8217;da bug\u00fcn sona eren uluslararas\u0131 \u015fampiyonada Suriye binicilik tak\u0131m\u0131 \u00fc\u00e7\u00fcnc\u00fc oldu.<\/p>\n<p style=\"text-align: justify;\">Polis Binicilik Kul\u00fcb\u00fc&#8217;n\u00fcn temsil etti\u011fi tak\u0131m\u0131m\u0131z, Rusya&#8217;n\u0131n yan\u0131 s\u0131ra Kuveyt, Hindistan, Beyaz Rusya, Katar, \u0130ran ve Kazakistan tak\u0131mlar\u0131yla kat\u0131ld\u0131.<\/p>\n<p style=\"text-align: justify;\">Ekibimiz, \u015f\u00f6valye Albay Mahmud El Masri liderli\u011findeki Ahmed El Masri ve Muhammed Fares&#8217;i i\u00e7erdi.<\/p>\n<div id='gallery-1' class='gallery galleryid-284975 gallery-columns-1 gallery-size-full'><figure class='gallery-item'>\n\t\t\t<div class='gallery-icon portrait'>\n\t\t\t\t<a href='https:\/\/archive.sana.sy\/tr\/?attachment_id=284977'><img loading=\"lazy\" decoding=\"async\" width=\"660\" height=\"991\" src=\"https:\/\/archive.sana.sy\/tr\/wp-content\/uploads\/2023\/07\/photo_2023-07-24_17-50-42.jpg\" class=\"attachment-full size-full\" alt=\"\" srcset=\"https:\/\/archive.sana.sy\/tr\/wp-content\/uploads\/2023\/07\/photo_2023-07-24_17-50-42.jpg 660w, https:\/\/archive.sana.sy\/tr\/wp-content\/uploads\/2023\/07\/photo_2023-07-24_17-50-42-200x300.jpg 200w\" sizes=\"auto, (max-width: 660px) 100vw, 660px\" \/><\/a>\n\t\t\t<\/div><\/figure>\n\t\t<\/div>\n\n<p style=\"text-align: justify;\"><a href=\"https:\/\/t.me\/SuriyeArapHaberAjansI\">Telegram Kanal\u0131m\u0131z\u00a0<\/a><\/p>\n<p style=\"text-align: justify;\"><a href=\"https:\/\/www.facebook.com\/SANAHaberAjansi\/\">Facebook Sayfam\u0131z<\/a><\/p>\n<p style=\"text-align: justify;\"><a href=\"https:\/\/twitter.com\/arap_ajans\">Twitter Hesab\u0131m\u0131z<\/a><\/p>\n","protected":false},"excerpt":{"rendered":"<p>MOSKOVA \u00a024 Temmuz (SANA)- Rusya&#8217;n\u0131n ba\u015fkenti Moskova&#8217;da bug\u00fcn sona eren uluslararas\u0131 \u015fampiyonada Suriye binicilik tak\u0131m\u0131 \u00fc\u00e7\u00fcnc\u00fc oldu. Polis Binicilik Kul\u00fcb\u00fc&#8217;n\u00fcn temsil etti\u011fi tak\u0131m\u0131m\u0131z, Rusya&#8217;n\u0131n yan\u0131 s\u0131ra Kuveyt, Hindistan, Beyaz Rusya, Katar, \u0130ran ve Kazakistan tak\u0131mlar\u0131yla kat\u0131ld\u0131. Ekibimiz, \u015f\u00f6valye Albay Mahmud El Masri liderli\u011findeki Ahmed El Masri ve Muhammed Fares&#8217;i i\u00e7erdi. Telegram Kanal\u0131m\u0131z\u00a0 Facebook Sayfam\u0131z Twitter &hellip;<\/p>\n","protected":false},"author":41,"featured_media":284976,"comment_status":"closed","ping_status":"closed","sticky":false,"template":"","format":"standard","meta":{"footnotes":""},"categories":[458,498,459,17988,496],"tags":[7130,4348,38918,3946,31796,38916,38917],"class_list":["post-284975","post","type-post","status-publish","format-standard","has-post-thumbnail","","category-dunya1","category-dunya-turnuvalari","category-haberler-arap-uluslararasi-politika","category-son-haberler","category-spor","tag-beyaz-rusya","tag-hindistan","tag-iran-ve-kazakistan","tag-katar","tag-kuveyt","tag-suriye-binicilik-takimi-rusya-sampiyonasinda-ucuncu-oldu","tag-usyanin-baskenti-moskova"],"_links":{"self":[{"href":"https:\/\/archive.sana.sy\/tr\/index.php?rest_route=\/wp\/v2\/posts\/284975","targetHints":{"allow":["GET"]}}],"collection":[{"href":"https:\/\/archive.sana.sy\/tr\/index.php?rest_route=\/wp\/v2\/posts"}],"about":[{"href":"https:\/\/archive.sana.sy\/tr\/index.php?rest_route=\/wp\/v2\/types\/post"}],"author":[{"embeddable":true,"href":"https:\/\/archive.sana.sy\/tr\/index.php?rest_route=\/wp\/v2\/users\/41"}],"replies":[{"embeddable":true,"href":"https:\/\/archive.sana.sy\/tr\/index.php?rest_route=%2Fwp%2Fv2%2Fcomments&post=284975"}],"version-history":[{"count":2,"href":"https:\/\/archive.sana.sy\/tr\/index.php?rest_route=\/wp\/v2\/posts\/284975\/revisions"}],"predecessor-version":[{"id":284979,"href":"https:\/\/archive.sana.sy\/tr\/index.php?rest_route=\/wp\/v2\/posts\/284975\/revisions\/284979"}],"wp:featuredmedia":[{"embeddable":true,"href":"https:\/\/archive.sana.sy\/tr\/index.php?rest_route=\/wp\/v2\/media\/284976"}],"wp:attachment":[{"href":"https:\/\/archive.sana.sy\/tr\/index.php?rest_route=%2Fwp%2Fv2%2Fmedia&parent=284975"}],"wp:term":[{"taxonomy":"category","embeddable":true,"href":"https:\/\/archive.sana.sy\/tr\/index.php?rest_route=%2Fwp%2Fv2%2Fcategories&post=284975"},{"taxonomy":"post_tag","embeddable":true,"href":"https:\/\/archive.sana.sy\/tr\/index.php?rest_route=%2Fwp%2Fv2%2Ftags&post=284975"}],"curies":[{"name":"wp","href":"https:\/\/api.w.org\/{rel}","templated":true}]}}