{"id":285006,"date":"2023-07-25T14:01:12","date_gmt":"2023-07-25T11:01:12","guid":{"rendered":"https:\/\/sana.sy\/tr\/?p=285006"},"modified":"2023-07-26T08:17:47","modified_gmt":"2023-07-26T05:17:47","slug":"suriyede-bae-yardim-koordinasyon-ofisinin-acilisini-yapti","status":"publish","type":"post","link":"https:\/\/archive.sana.sy\/tr\/?p=285006","title":{"rendered":"Suriye&#8217;de BAE Yard\u0131m Koordinasyon Ofisi A\u00e7\u0131ld\u0131"},"content":{"rendered":"<p style=\"text-align: justify;\"><strong>\u015eAM 25 Temmuz (SANA)\u00a0\u2013<\/strong> BAE Kalk\u0131nma \u0130\u015fleri ve Uluslararas\u0131 Kurulu\u015flardan Sorumlu D\u0131\u015fi\u015fleri Bakan Yard\u0131mc\u0131s\u0131 Sultan El \u015eamsi, Suriye D\u0131\u015fi\u015fleri ve Gurbet\u00e7iler Bakanl\u0131\u011f\u0131 temsilcisi M\u00fcste\u015far Muhemmediye El Nasan&#8217;\u0131n huzurunda BAE&#8217;nin Suriye&#8217;deki Yard\u0131m Koordinasyon Ofisinin a\u00e7\u0131l\u0131\u015f\u0131n\u0131 yapt\u0131.<\/p>\n<p style=\"text-align: justify;\">SANA muhabiri, \u015eam&#8217;daki BAE b\u00fcy\u00fckel\u00e7ilik binas\u0131nda a\u00e7\u0131lan ofisin, hay\u0131r kurum ve kurulu\u015flar\u0131n\u0131n \u00e7abalar\u0131n\u0131 birlikte harekete ge\u00e7irmek ve koordine etmek i\u00e7in BAE&#8217;nin birka\u00e7 \u00fclkede a\u00e7aca\u011f\u0131 bir dizi ofisin ilki oldu\u011funu belirtti.<\/p>\n<p style=\"text-align: justify;\"><a href=\"https:\/\/t.me\/SuriyeArapHaberAjansI\">Telegram Kanal\u0131m\u0131z\u00a0<\/a><\/p>\n<p style=\"text-align: justify;\"><a href=\"https:\/\/www.facebook.com\/SANAHaberAjansi\/\">Facebook Sayfam\u0131z<\/a><\/p>\n<p style=\"text-align: justify;\"><a href=\"https:\/\/twitter.com\/arap_ajans\">Twitter Hesab\u0131m\u0131z<\/a><\/p>\n","protected":false},"excerpt":{"rendered":"<p>\u015eAM 25 Temmuz (SANA)\u00a0\u2013 BAE Kalk\u0131nma \u0130\u015fleri ve Uluslararas\u0131 Kurulu\u015flardan Sorumlu D\u0131\u015fi\u015fleri Bakan Yard\u0131mc\u0131s\u0131 Sultan El \u015eamsi, Suriye D\u0131\u015fi\u015fleri ve Gurbet\u00e7iler Bakanl\u0131\u011f\u0131 temsilcisi M\u00fcste\u015far Muhemmediye El Nasan&#8217;\u0131n huzurunda BAE&#8217;nin Suriye&#8217;deki Yard\u0131m Koordinasyon Ofisinin a\u00e7\u0131l\u0131\u015f\u0131n\u0131 yapt\u0131. SANA muhabiri, \u015eam&#8217;daki BAE b\u00fcy\u00fckel\u00e7ilik binas\u0131nda a\u00e7\u0131lan ofisin, hay\u0131r kurum ve kurulu\u015flar\u0131n\u0131n \u00e7abalar\u0131n\u0131 birlikte harekete ge\u00e7irmek ve koordine etmek i\u00e7in &hellip;<\/p>\n","protected":false},"author":39,"featured_media":285007,"comment_status":"closed","ping_status":"closed","sticky":false,"template":"","format":"standard","meta":{"footnotes":""},"categories":[479,17988,478],"tags":[38925,38924,19174,22182],"class_list":["post-285006","post","type-post","status-publish","format-standard","has-post-thumbnail","","category-haberler-yerel","category-son-haberler","category-yerel","tag-amdaki-bae-buyukelcilik-binasi","tag-bae-kalkinma-isleri","tag-suriyede-son-durumlar","tag-suriyede-savas"],"_links":{"self":[{"href":"https:\/\/archive.sana.sy\/tr\/index.php?rest_route=\/wp\/v2\/posts\/285006","targetHints":{"allow":["GET"]}}],"collection":[{"href":"https:\/\/archive.sana.sy\/tr\/index.php?rest_route=\/wp\/v2\/posts"}],"about":[{"href":"https:\/\/archive.sana.sy\/tr\/index.php?rest_route=\/wp\/v2\/types\/post"}],"author":[{"embeddable":true,"href":"https:\/\/archive.sana.sy\/tr\/index.php?rest_route=\/wp\/v2\/users\/39"}],"replies":[{"embeddable":true,"href":"https:\/\/archive.sana.sy\/tr\/index.php?rest_route=%2Fwp%2Fv2%2Fcomments&post=285006"}],"version-history":[{"count":4,"href":"https:\/\/archive.sana.sy\/tr\/index.php?rest_route=\/wp\/v2\/posts\/285006\/revisions"}],"predecessor-version":[{"id":285027,"href":"https:\/\/archive.sana.sy\/tr\/index.php?rest_route=\/wp\/v2\/posts\/285006\/revisions\/285027"}],"wp:featuredmedia":[{"embeddable":true,"href":"https:\/\/archive.sana.sy\/tr\/index.php?rest_route=\/wp\/v2\/media\/285007"}],"wp:attachment":[{"href":"https:\/\/archive.sana.sy\/tr\/index.php?rest_route=%2Fwp%2Fv2%2Fmedia&parent=285006"}],"wp:term":[{"taxonomy":"category","embeddable":true,"href":"https:\/\/archive.sana.sy\/tr\/index.php?rest_route=%2Fwp%2Fv2%2Fcategories&post=285006"},{"taxonomy":"post_tag","embeddable":true,"href":"https:\/\/archive.sana.sy\/tr\/index.php?rest_route=%2Fwp%2Fv2%2Ftags&post=285006"}],"curies":[{"name":"wp","href":"https:\/\/api.w.org\/{rel}","templated":true}]}}