{"id":285009,"date":"2023-07-25T13:16:14","date_gmt":"2023-07-25T10:16:14","guid":{"rendered":"https:\/\/sana.sy\/tr\/?p=285009"},"modified":"2023-07-26T08:17:28","modified_gmt":"2023-07-26T05:17:28","slug":"tarim-bakani-suudi-mevkidasi-ile-iki-ulke-arasindaki-ticaretin-tesvik-edilmesini-gorustu","status":"publish","type":"post","link":"https:\/\/archive.sana.sy\/tr\/?p=285009","title":{"rendered":"Tar\u0131m Bakan\u0131, Suudi Arabistanl\u0131 Mevkida\u015f\u0131 ile \u0130ki \u00dclke Aras\u0131ndaki Ticaretin\u00a0Geli\u015ftirilmesini G\u00f6r\u00fc\u015ft\u00fc"},"content":{"rendered":"<p style=\"text-align: justify;\"><strong>ROMA \u00a025 Temmuz (SANA)\u2013 <\/strong>\u0130talya&#8217;n\u0131n ba\u015fkenti Roma&#8217;da d\u00fczenlenen Birle\u015fmi\u015f Milletler G\u0131da Sistemleri Zirvesi kapsam\u0131nda Tar\u0131m Bakan\u0131 Muhammed Hassan Katana, Suudi Arabistan Krall\u0131\u011f\u0131 Tar\u0131m, \u00c7evre ve Su Bakan\u0131 Abdulrahman El Fadli ile bir araya geldi.<\/p>\n<p style=\"text-align: justify;\">Bakan Katana, Suriye halk\u0131na uygulanan tek tarafl\u0131 zorlay\u0131c\u0131 yapt\u0131r\u0131mlar nedeniyle Suriye&#8217;deki tar\u0131m sekt\u00f6r\u00fcn\u00fcn maruz kald\u0131\u011f\u0131 zorluklar\u0131 g\u00f6zden ge\u00e7irerek, b\u00f6lge ticareti art\u0131rman\u0131n ve Suriye tar\u0131m \u00fcr\u00fcnlerinin Suudi pazarlar\u0131na do\u011frudan eri\u015fiminin \u00f6nemini vurgulad\u0131.<\/p>\n<p style=\"text-align: justify;\"><strong>\u00a0<\/strong>Bakan Katana, Suriye ile kom\u015fu \u00fclkeler (\u00dcrd\u00fcn, Irak ve L\u00fcbnan) aras\u0131nda ticari i\u015fbirli\u011fini geli\u015ftirmek i\u00e7in imzalanan d\u00f6rtl\u00fc anla\u015fman\u0131n bu d\u00f6rt \u00fclkede g\u0131da g\u00fcvenli\u011fini sa\u011flamak i\u00e7in tasarland\u0131\u011f\u0131na dikkat \u00e7ekerek, tar\u0131m \u00fcr\u00fcnleri m\u00fcbadelesi alan\u0131nda i\u00e7erdi\u011fi ortak Arap \u00e7\u0131karlar\u0131 nedeniyle Suudi Arabistan Krall\u0131\u011f\u0131n\u0131 bu anla\u015fmaya kat\u0131lmaya \u00e7a\u011f\u0131rd\u0131.<\/p>\n<p style=\"text-align: justify;\">Bakan Katana, Prens Muhammed bin Selman&#8217;\u0131n ye\u015fil alanlar\u0131 art\u0131rmak, iklim de\u011fi\u015fikli\u011fiyle m\u00fccadele etmek ve karbon emisyonlar\u0131n\u0131 azaltmak i\u00e7in bir milyar a\u011fa\u00e7 dikme giri\u015fimini \u00f6verek, Suriye&#8217;nin gerekli a\u011fa\u00e7lar\u0131n bir k\u0131sm\u0131n\u0131 sa\u011flamaya ve Suudi Arabistan&#8217;a ihra\u00e7 edebilmek i\u00e7in gerekli \u00f6zelliklere g\u00f6re \u00fcretmeye haz\u0131r oldu\u011funu belirtti.<\/p>\n<p style=\"text-align: justify;\"><strong>\u00a0<\/strong>Suudi Tar\u0131m Bakan\u0131 ise, \u00fclkesinin Suriye&#8217;nin Arap Devletleri Birli\u011fi toplant\u0131lar\u0131na kat\u0131l\u0131m\u0131na yeniden ba\u015flamas\u0131ndan duydu\u011fu mutlulu\u011fu dile getirerek, resmi ve halk d\u00fczeyinde Suriye-Suudi ili\u015fkilerinin g\u00fcc\u00fcn\u00fc kaydetti.<\/p>\n<p style=\"text-align: justify;\"><strong>\u00a0<\/strong>Bakan El Fadli ayr\u0131ca, iki bakanl\u0131ktaki teknisyenler aras\u0131nda kendilerine uygun form\u00fcller ve y\u00fcr\u00fctme programlar\u0131 bulmak i\u00e7in toplant\u0131lar yapt\u0131ktan sonra mutabakat zapt\u0131lar\u0131n\u0131 yeniden etkinle\u015ftirme fikrini memnuniyetle kar\u015f\u0131layarak, tar\u0131msal emtialarda i\u00e7 ticareti geli\u015ftirme ihtiyac\u0131na i\u015faret etti.<\/p>\n<p style=\"text-align: justify;\"><a href=\"https:\/\/t.me\/SuriyeArapHaberAjansI\">Telegram Kanal\u0131m\u0131z\u00a0<\/a><\/p>\n<p style=\"text-align: justify;\"><a href=\"https:\/\/www.facebook.com\/SANAHaberAjansi\/\">Facebook Sayfam\u0131z<\/a><\/p>\n<p style=\"text-align: justify;\"><a href=\"https:\/\/twitter.com\/arap_ajans\">Twitter Hesab\u0131m\u0131z<\/a><\/p>\n","protected":false},"excerpt":{"rendered":"<p>ROMA \u00a025 Temmuz (SANA)\u2013 \u0130talya&#8217;n\u0131n ba\u015fkenti Roma&#8217;da d\u00fczenlenen Birle\u015fmi\u015f Milletler G\u0131da Sistemleri Zirvesi kapsam\u0131nda Tar\u0131m Bakan\u0131 Muhammed Hassan Katana, Suudi Arabistan Krall\u0131\u011f\u0131 Tar\u0131m, \u00c7evre ve Su Bakan\u0131 Abdulrahman El Fadli ile bir araya geldi. Bakan Katana, Suriye halk\u0131na uygulanan tek tarafl\u0131 zorlay\u0131c\u0131 yapt\u0131r\u0131mlar nedeniyle Suriye&#8217;deki tar\u0131m sekt\u00f6r\u00fcn\u00fcn maruz kald\u0131\u011f\u0131 zorluklar\u0131 g\u00f6zden ge\u00e7irerek, b\u00f6lge ticareti art\u0131rman\u0131n &hellip;<\/p>\n","protected":false},"author":39,"featured_media":285010,"comment_status":"closed","ping_status":"closed","sticky":false,"template":"","format":"standard","meta":{"footnotes":""},"categories":[458,459,17988],"tags":[],"class_list":["post-285009","post","type-post","status-publish","format-standard","has-post-thumbnail","","category-dunya1","category-haberler-arap-uluslararasi-politika","category-son-haberler"],"_links":{"self":[{"href":"https:\/\/archive.sana.sy\/tr\/index.php?rest_route=\/wp\/v2\/posts\/285009","targetHints":{"allow":["GET"]}}],"collection":[{"href":"https:\/\/archive.sana.sy\/tr\/index.php?rest_route=\/wp\/v2\/posts"}],"about":[{"href":"https:\/\/archive.sana.sy\/tr\/index.php?rest_route=\/wp\/v2\/types\/post"}],"author":[{"embeddable":true,"href":"https:\/\/archive.sana.sy\/tr\/index.php?rest_route=\/wp\/v2\/users\/39"}],"replies":[{"embeddable":true,"href":"https:\/\/archive.sana.sy\/tr\/index.php?rest_route=%2Fwp%2Fv2%2Fcomments&post=285009"}],"version-history":[{"count":5,"href":"https:\/\/archive.sana.sy\/tr\/index.php?rest_route=\/wp\/v2\/posts\/285009\/revisions"}],"predecessor-version":[{"id":285020,"href":"https:\/\/archive.sana.sy\/tr\/index.php?rest_route=\/wp\/v2\/posts\/285009\/revisions\/285020"}],"wp:featuredmedia":[{"embeddable":true,"href":"https:\/\/archive.sana.sy\/tr\/index.php?rest_route=\/wp\/v2\/media\/285010"}],"wp:attachment":[{"href":"https:\/\/archive.sana.sy\/tr\/index.php?rest_route=%2Fwp%2Fv2%2Fmedia&parent=285009"}],"wp:term":[{"taxonomy":"category","embeddable":true,"href":"https:\/\/archive.sana.sy\/tr\/index.php?rest_route=%2Fwp%2Fv2%2Fcategories&post=285009"},{"taxonomy":"post_tag","embeddable":true,"href":"https:\/\/archive.sana.sy\/tr\/index.php?rest_route=%2Fwp%2Fv2%2Ftags&post=285009"}],"curies":[{"name":"wp","href":"https:\/\/api.w.org\/{rel}","templated":true}]}}