{"id":285032,"date":"2023-07-25T12:25:27","date_gmt":"2023-07-25T09:25:27","guid":{"rendered":"https:\/\/sana.sy\/tr\/?p=285032"},"modified":"2023-07-26T08:17:21","modified_gmt":"2023-07-26T05:17:21","slug":"suveydanin-dogu-kirsalinda-terore-karsi-kazanilan-zaferin-anisina-ulusal-etkinlik-duzenlendi","status":"publish","type":"post","link":"https:\/\/archive.sana.sy\/tr\/?p=285032","title":{"rendered":"S\u00fcveyda&#8217;n\u0131n Do\u011fu K\u0131rsal\u0131nda Ter\u00f6re Kar\u015f\u0131 Kazan\u0131lan Zaferin An\u0131s\u0131na Ulusal Etkinlik D\u00fczenlendi"},"content":{"rendered":"<p><strong>S\u00dcVEYDA\u00a0 25 Temmuz (SANA)<\/strong> &#8211; 25 Temmuz 2018&#8217;de S\u00fcveyde vilayetinin do\u011fu k\u0131rsal\u0131ndaki k\u00f6ylerde \u201cI\u015e\u0130D\u201d <img loading=\"lazy\" decoding=\"async\" class=\"size-full wp-image-285033 alignright\" src=\"http:\/\/sana.sy\/tr\/wp-content\/uploads\/2023\/07\/14-7-300x179-1.jpg\" alt=\"\" width=\"300\" height=\"179\" \/>\u00f6rg\u00fct\u00fcne ba\u011fl\u0131 ter\u00f6ristlere kar\u015f\u0131 kazan\u0131lan kahramanl\u0131k, onur ve fedakarl\u0131k m\u00fccadelesinin zaferi an\u0131s\u0131na, b\u00f6lge halk\u0131, be\u015finci y\u0131l\u0131n\u0131 Rami k\u00f6y\u00fcnde resmi, parti, dini ve sivil faaliyetlerin kat\u0131l\u0131m\u0131yla d\u00fczenlenen ulusal bir etkinlikle anm\u0131\u015ft\u0131r.<\/p>\n<p>\u015eehitlerin an\u0131t\u0131na \u00e7elenkler b\u0131rak\u0131lmas\u0131 ve \u015fehitlerin pak ruhlar\u0131 i\u00e7in Fatiha okunmas\u0131yla ba\u015flayan etkinlikte, Suriyeli \u015eehrazat grubunun m\u00fccadelenin baz\u0131 gelenek ve de\u011ferlerini yans\u0131tan folklorik tablolar\u0131n\u0131n sunumu yer ald\u0131.<\/p>\n<p>Etkinlikte yap\u0131lan konu\u015fmalar, bu muharebenin, babalar\u0131n ve dedelerin Osmanl\u0131 ve Frans\u0131z i\u015fgallerinden g\u00fcn\u00fcm\u00fcze kadar sald\u0131rganlara kar\u015f\u0131 yazd\u0131\u011f\u0131 miras\u0131n ve m\u00fccadele tarihinin bir uzant\u0131s\u0131 oldu\u011funu vurgulad\u0131.<\/p>\n<p><a href=\"https:\/\/t.me\/SuriyeArapHaberAjansI\">Telegram Kanal\u0131m\u0131z\u00a0<\/a><\/p>\n<p><a href=\"https:\/\/www.facebook.com\/SANAHaberAjansi\/\">Facebook Sayfam\u0131z<\/a><\/p>\n<p><a href=\"https:\/\/twitter.com\/arap_ajans\">Twitter Hesab\u0131m\u0131z<\/a><\/p>\n<p><span class=\"edit-link\"><a class=\"post-edit-link\" href=\"https:\/\/sana.sy\/tr\/wp-admin\/post.php?post=285009&amp;action=edit\">Edit<\/a><\/span><\/p>\n","protected":false},"excerpt":{"rendered":"<p>S\u00dcVEYDA\u00a0 25 Temmuz (SANA) &#8211; 25 Temmuz 2018&#8217;de S\u00fcveyde vilayetinin do\u011fu k\u0131rsal\u0131ndaki k\u00f6ylerde \u201cI\u015e\u0130D\u201d \u00f6rg\u00fct\u00fcne ba\u011fl\u0131 ter\u00f6ristlere kar\u015f\u0131 kazan\u0131lan kahramanl\u0131k, onur ve fedakarl\u0131k m\u00fccadelesinin zaferi an\u0131s\u0131na, b\u00f6lge halk\u0131, be\u015finci y\u0131l\u0131n\u0131 Rami k\u00f6y\u00fcnde resmi, parti, dini ve sivil faaliyetlerin kat\u0131l\u0131m\u0131yla d\u00fczenlenen ulusal bir etkinlikle anm\u0131\u015ft\u0131r. \u015eehitlerin an\u0131t\u0131na \u00e7elenkler b\u0131rak\u0131lmas\u0131 ve \u015fehitlerin pak ruhlar\u0131 i\u00e7in Fatiha okunmas\u0131yla &hellip;<\/p>\n","protected":false},"author":41,"featured_media":285034,"comment_status":"closed","ping_status":"closed","sticky":false,"template":"","format":"standard","meta":{"footnotes":""},"categories":[479,17988,478],"tags":[38380,19043,38930,38929,24911,23255,13862],"class_list":["post-285032","post","type-post","status-publish","format-standard","has-post-thumbnail","","category-haberler-yerel","category-son-haberler","category-yerel","tag-suriyede-ne-oluyor","tag-suriyede-son-durum","tag-suriyedeki-vilayetler","tag-suriyenin-valikliklari","tag-suriyede-son-gelismeler","tag-suriyede-teror-orgutleri","tag-suveyda"],"_links":{"self":[{"href":"https:\/\/archive.sana.sy\/tr\/index.php?rest_route=\/wp\/v2\/posts\/285032","targetHints":{"allow":["GET"]}}],"collection":[{"href":"https:\/\/archive.sana.sy\/tr\/index.php?rest_route=\/wp\/v2\/posts"}],"about":[{"href":"https:\/\/archive.sana.sy\/tr\/index.php?rest_route=\/wp\/v2\/types\/post"}],"author":[{"embeddable":true,"href":"https:\/\/archive.sana.sy\/tr\/index.php?rest_route=\/wp\/v2\/users\/41"}],"replies":[{"embeddable":true,"href":"https:\/\/archive.sana.sy\/tr\/index.php?rest_route=%2Fwp%2Fv2%2Fcomments&post=285032"}],"version-history":[{"count":1,"href":"https:\/\/archive.sana.sy\/tr\/index.php?rest_route=\/wp\/v2\/posts\/285032\/revisions"}],"predecessor-version":[{"id":285035,"href":"https:\/\/archive.sana.sy\/tr\/index.php?rest_route=\/wp\/v2\/posts\/285032\/revisions\/285035"}],"wp:featuredmedia":[{"embeddable":true,"href":"https:\/\/archive.sana.sy\/tr\/index.php?rest_route=\/wp\/v2\/media\/285034"}],"wp:attachment":[{"href":"https:\/\/archive.sana.sy\/tr\/index.php?rest_route=%2Fwp%2Fv2%2Fmedia&parent=285032"}],"wp:term":[{"taxonomy":"category","embeddable":true,"href":"https:\/\/archive.sana.sy\/tr\/index.php?rest_route=%2Fwp%2Fv2%2Fcategories&post=285032"},{"taxonomy":"post_tag","embeddable":true,"href":"https:\/\/archive.sana.sy\/tr\/index.php?rest_route=%2Fwp%2Fv2%2Ftags&post=285032"}],"curies":[{"name":"wp","href":"https:\/\/api.w.org\/{rel}","templated":true}]}}