{"id":285039,"date":"2023-07-25T14:00:02","date_gmt":"2023-07-25T11:00:02","guid":{"rendered":"https:\/\/sana.sy\/tr\/?p=285039"},"modified":"2023-07-26T08:17:40","modified_gmt":"2023-07-26T05:17:40","slug":"cin-deniz-filosu-rusyaya-vardi","status":"publish","type":"post","link":"https:\/\/archive.sana.sy\/tr\/?p=285039","title":{"rendered":"\u00c7in Deniz Filosu Rusya&#8217;ya Vard\u0131"},"content":{"rendered":"<p><strong>PEK\u0130N 25 Temmuz (SANA)<\/strong> &#8211; \u00c7in Merkez Televizyonu Sal\u0131 g\u00fcn\u00fc, \u00c7in deniz filosunun Rusya ile ortak askeri tatbikatlara kat\u0131ld\u0131ktan sonra iyi niyet ziyareti i\u00e7in Pazartesi g\u00fcn\u00fc Rusya&#8217;n\u0131n Vladivostok liman\u0131na geldi\u011fini bildirdi.<\/p>\n<p>Rusya ve \u00c7in yak\u0131n askeri ili\u015fkiler s\u00fcrd\u00fcr\u00fcyor.Bu ili\u015fkiler, Rus \u00fclkelerinin cumhurba\u015fkanlar\u0131 Vladimir Putin&#8217;e ve \u00c7inli Xi Jinping&#8217;e kadar uzan\u0131yor.<\/p>\n<p>Ayr\u0131ca iki kom\u015fu \u00fclke aras\u0131ndaki ili\u015fkiler, \u015eubat 2022&#8217;de Ukrayna&#8217;da ya\u015fanan sava\u015ftan bu yana askeri alanda b\u00fcy\u00fck bir yak\u0131nla\u015fmaya tan\u0131k oldu \u00a0ve aralar\u0131ndaki koordinasyonu art\u0131rmak amac\u0131yla iki ordu aras\u0131nda \u00e7e\u015fitli manevralar d\u00fczenlediler.<\/p>\n<p><a href=\"https:\/\/t.me\/SuriyeArapHaberAjansI\">Telegram Kanal\u0131m\u0131z\u00a0<\/a><\/p>\n<p><a href=\"https:\/\/www.facebook.com\/SANAHaberAjansi\/\">Facebook Sayfam\u0131z<\/a><\/p>\n<p><a href=\"https:\/\/twitter.com\/arap_ajans\">Twitter Hesab\u0131m\u0131z<\/a><\/p>\n","protected":false},"excerpt":{"rendered":"<p>PEK\u0130N 25 Temmuz (SANA) &#8211; \u00c7in Merkez Televizyonu Sal\u0131 g\u00fcn\u00fc, \u00c7in deniz filosunun Rusya ile ortak askeri tatbikatlara kat\u0131ld\u0131ktan sonra iyi niyet ziyareti i\u00e7in Pazartesi g\u00fcn\u00fc Rusya&#8217;n\u0131n Vladivostok liman\u0131na geldi\u011fini bildirdi. Rusya ve \u00c7in yak\u0131n askeri ili\u015fkiler s\u00fcrd\u00fcr\u00fcyor.Bu ili\u015fkiler, Rus \u00fclkelerinin cumhurba\u015fkanlar\u0131 Vladimir Putin&#8217;e ve \u00c7inli Xi Jinping&#8217;e kadar uzan\u0131yor. Ayr\u0131ca iki kom\u015fu \u00fclke aras\u0131ndaki &hellip;<\/p>\n","protected":false},"author":41,"featured_media":285040,"comment_status":"closed","ping_status":"closed","sticky":false,"template":"","format":"standard","meta":{"footnotes":""},"categories":[458,459,17988],"tags":[38934],"class_list":["post-285039","post","type-post","status-publish","format-standard","has-post-thumbnail","","category-dunya1","category-haberler-arap-uluslararasi-politika","category-son-haberler","tag-cin-deniz-filosu-rusyaya-vardi"],"_links":{"self":[{"href":"https:\/\/archive.sana.sy\/tr\/index.php?rest_route=\/wp\/v2\/posts\/285039","targetHints":{"allow":["GET"]}}],"collection":[{"href":"https:\/\/archive.sana.sy\/tr\/index.php?rest_route=\/wp\/v2\/posts"}],"about":[{"href":"https:\/\/archive.sana.sy\/tr\/index.php?rest_route=\/wp\/v2\/types\/post"}],"author":[{"embeddable":true,"href":"https:\/\/archive.sana.sy\/tr\/index.php?rest_route=\/wp\/v2\/users\/41"}],"replies":[{"embeddable":true,"href":"https:\/\/archive.sana.sy\/tr\/index.php?rest_route=%2Fwp%2Fv2%2Fcomments&post=285039"}],"version-history":[{"count":1,"href":"https:\/\/archive.sana.sy\/tr\/index.php?rest_route=\/wp\/v2\/posts\/285039\/revisions"}],"predecessor-version":[{"id":285041,"href":"https:\/\/archive.sana.sy\/tr\/index.php?rest_route=\/wp\/v2\/posts\/285039\/revisions\/285041"}],"wp:featuredmedia":[{"embeddable":true,"href":"https:\/\/archive.sana.sy\/tr\/index.php?rest_route=\/wp\/v2\/media\/285040"}],"wp:attachment":[{"href":"https:\/\/archive.sana.sy\/tr\/index.php?rest_route=%2Fwp%2Fv2%2Fmedia&parent=285039"}],"wp:term":[{"taxonomy":"category","embeddable":true,"href":"https:\/\/archive.sana.sy\/tr\/index.php?rest_route=%2Fwp%2Fv2%2Fcategories&post=285039"},{"taxonomy":"post_tag","embeddable":true,"href":"https:\/\/archive.sana.sy\/tr\/index.php?rest_route=%2Fwp%2Fv2%2Ftags&post=285039"}],"curies":[{"name":"wp","href":"https:\/\/api.w.org\/{rel}","templated":true}]}}