{"id":28526,"date":"2015-04-04T15:39:19","date_gmt":"2015-04-04T12:39:19","guid":{"rendered":"http:\/\/www.sana.sy\/tr\/?p=28526"},"modified":"2015-04-04T15:39:19","modified_gmt":"2015-04-04T12:39:19","slug":"muttefiklerini-desteklerini-kesmeye-zorlama-yerine-kinamayla-yetindi","status":"publish","type":"post","link":"https:\/\/archive.sana.sy\/tr\/?p=28526","title":{"rendered":"M\u00fcttefiklerini Desteklerini Kesmeye Zorlama Yerine K\u0131namayla Yetindi"},"content":{"rendered":"<p>WASH\u0130NGTON \u2013 ABD idaresi, m\u00fcttefikleri T\u00fcrkiye, Katar, Suudi Arabistan, \u00dcrd\u00fcn ve \u0130srail&#8217;in destekledi\u011fi Nusra Cephesinin yard\u0131mlar\u0131yla I\u015e\u0130D\u2019in \u015eam yak\u0131nlar\u0131nda Filistinli m\u00fcltecilerin yo\u011fun olarak ya\u015fad\u0131klar\u0131 Yerm\u00fck Kamp\u0131na girmesini k\u0131namakla yetindi.<\/p>\n<p>ABD D\u0131\u015fi\u015fleri Bakanl\u0131\u011f\u0131 s\u00f6zc\u00fcs\u00fc Marie Harff; Washington\u2019un m\u00fcttefikleri olan s\u00f6z konusu devletlerin Kaide \u00d6rg\u00fct\u00fcn\u00fcn Suriye&#8217;deki kolu olan ve G\u00fcvenlik Konseyinin ter\u00f6r \u00f6rg\u00fctleri listesinde yer alan Nusra Cephesine desteklerinin yan\u0131 s\u0131ra bu radikal ter\u00f6r \u00e7etelerin I\u015e\u0130D ter\u00f6ristlerinin Yerm\u00fck\u2019e giri\u015flerinde sa\u011flad\u0131\u011f\u0131 deste\u011fi g\u00f6rmezden gelerek sadece \u2018cihat\u00e7\u0131lar\u0131n Yerm\u00fck kamp\u0131na yo\u011fun sald\u0131r\u0131lar\u0131ndan dolay\u0131 Washington\u2019un derin endi\u015fe duydu\u011funu\u2019 ifadesiyle yetindi.<\/p>\n<p>Harff ABD ve m\u00fcttefiklerinin Suriye&#8217;de \u2018insan haklar\u0131 ve demokrasi\u2019 iddialar\u0131 alt\u0131nda 4\u00f6rt y\u0131ldan beri destekledikleri ter\u00f6ristlerin iki y\u0131la yak\u0131n bir s\u00fcredir Yerm\u00fck Semtinde ter\u00f6r ve vah\u015fet estirdikleri, masum sivil insanlar\u0131 da canl\u0131 kalkan olarak kulland\u0131klar\u0131n\u0131 da g\u00f6rmezden geldi.<\/p>\n<p>Bu ter\u00f6r \u00e7etelerin Yerm\u00fck\u2019teki sivil insanlara insani yard\u0131mlar\u0131n ula\u015ft\u0131r\u0131lmas\u0131n\u0131 da engellediklerini g\u00f6rmezden gelen Harff; ter\u00f6ristlerin d\u0131\u015f g\u00fc\u00e7lerin y\u00f6nlendirmeleriyle yard\u0131m ekiplerine ate\u015f a\u00e7t\u0131klar\u0131n\u0131, ulusal uzla\u015fma \u00e7abalar\u0131n\u0131 baltalamak i\u00e7in de her vah\u015fete ba\u015fvurduklar\u0131n\u0131 da g\u00f6rmezden geldi.<\/p>\n<p>Harff Yerm\u00fck Kamp\u0131nda bulunan sivil halk\u0131n yan\u0131 s\u0131ra aralar\u0131nda Filistin Kurtulu\u015f \u00d6rg\u00fct\u00fc dahil Filistinli bir\u00e7ok taraf ve uluslar aras\u0131 \u00f6rg\u00fct\u00fcn \u2018Suriye h\u00fck\u00fcmetinin Yerm\u00fck ahalisinin g\u00fcvenli\u011fi ve ihtiya\u00e7lar\u0131n\u0131n kar\u015f\u0131lanmas\u0131 ama\u00e7l\u0131 b\u00fcy\u00fck \u00f6zenini\u2019 belirtmelerine ra\u011fmen her zamanki gibi ger\u00e7ekleri \u00e7arp\u0131tmaya \u00e7al\u0131\u015f\u0131p Suriye h\u00fck\u00fcmetine su\u00e7lamalarda bulunmaya \u00e7al\u0131\u015ft\u0131.<\/p>\n<p>Harff ve ABD y\u00f6netimi I\u015e\u0130D ve Nusra Cephesi gibi ter\u00f6r \u00f6rg\u00fctlerini destekleyen m\u00fcttefikleri s\u00f6z konusu devletleri desteklerini kesmelerine \u00e7a\u011f\u0131rmas\u0131 yerine t\u00fcm taraflar\u0131 \u2018gayr\u0131 me\u015fru\u2019 olarak nitelendirdi\u011fi sald\u0131r\u0131lar\u0131n\u0131 durdurmaya \u00e7a\u011f\u0131rmakla yetindi.<\/p>\n<p>A.A. &#8211; M.M.<\/p>\n","protected":false},"excerpt":{"rendered":"<p>WASH\u0130NGTON \u2013 ABD idaresi, m\u00fcttefikleri T\u00fcrkiye, Katar, Suudi Arabistan, \u00dcrd\u00fcn ve \u0130srail&#8217;in destekledi\u011fi Nusra Cephesinin yard\u0131mlar\u0131yla I\u015e\u0130D\u2019in \u015eam yak\u0131nlar\u0131nda Filistinli m\u00fcltecilerin yo\u011fun olarak ya\u015fad\u0131klar\u0131 Yerm\u00fck Kamp\u0131na girmesini k\u0131namakla yetindi. ABD D\u0131\u015fi\u015fleri Bakanl\u0131\u011f\u0131 s\u00f6zc\u00fcs\u00fc Marie Harff; Washington\u2019un m\u00fcttefikleri olan s\u00f6z konusu devletlerin Kaide \u00d6rg\u00fct\u00fcn\u00fcn Suriye&#8217;deki kolu olan ve G\u00fcvenlik Konseyinin ter\u00f6r \u00f6rg\u00fctleri listesinde yer alan Nusra &hellip;<\/p>\n","protected":false},"author":1,"featured_media":28527,"comment_status":"closed","ping_status":"closed","sticky":false,"template":"","format":"standard","meta":{"footnotes":""},"categories":[458,459,447,2554,2555],"tags":[3946,13260,13258,2733,13261,13259],"class_list":["post-28526","post","type-post","status-publish","format-standard","has-post-thumbnail","","category-dunya1","category-haberler-arap-uluslararasi-politika","category-politika","category-suriye-ve-dunya","category-suriye-ve-turkiye","tag-katar","tag-muttefikleri-turkiye","tag-muttefiklerini-desteklerini-kesmeye-zorlama-yerine-kinamayla-yetindi","tag-suudi-arabistan","tag-urdun-ve-israilin-destekledigi-nusra-cephesinin-yardimlariyla-isidin-sam-yakinlarinda-filistinli-multecilerin-yogun-olarak-yasadiklari-yermuk-kampina-girmesini-kinamakla-yetindi","tag-washington-abd-idaresi"],"_links":{"self":[{"href":"https:\/\/archive.sana.sy\/tr\/index.php?rest_route=\/wp\/v2\/posts\/28526","targetHints":{"allow":["GET"]}}],"collection":[{"href":"https:\/\/archive.sana.sy\/tr\/index.php?rest_route=\/wp\/v2\/posts"}],"about":[{"href":"https:\/\/archive.sana.sy\/tr\/index.php?rest_route=\/wp\/v2\/types\/post"}],"author":[{"embeddable":true,"href":"https:\/\/archive.sana.sy\/tr\/index.php?rest_route=\/wp\/v2\/users\/1"}],"replies":[{"embeddable":true,"href":"https:\/\/archive.sana.sy\/tr\/index.php?rest_route=%2Fwp%2Fv2%2Fcomments&post=28526"}],"version-history":[{"count":0,"href":"https:\/\/archive.sana.sy\/tr\/index.php?rest_route=\/wp\/v2\/posts\/28526\/revisions"}],"wp:featuredmedia":[{"embeddable":true,"href":"https:\/\/archive.sana.sy\/tr\/index.php?rest_route=\/wp\/v2\/media\/28527"}],"wp:attachment":[{"href":"https:\/\/archive.sana.sy\/tr\/index.php?rest_route=%2Fwp%2Fv2%2Fmedia&parent=28526"}],"wp:term":[{"taxonomy":"category","embeddable":true,"href":"https:\/\/archive.sana.sy\/tr\/index.php?rest_route=%2Fwp%2Fv2%2Fcategories&post=28526"},{"taxonomy":"post_tag","embeddable":true,"href":"https:\/\/archive.sana.sy\/tr\/index.php?rest_route=%2Fwp%2Fv2%2Ftags&post=28526"}],"curies":[{"name":"wp","href":"https:\/\/api.w.org\/{rel}","templated":true}]}}