{"id":285296,"date":"2023-07-29T13:24:15","date_gmt":"2023-07-29T10:24:15","guid":{"rendered":"https:\/\/sana.sy\/tr\/?p=285296"},"modified":"2023-07-29T16:26:52","modified_gmt":"2023-07-29T13:26:52","slug":"285296","status":"publish","type":"post","link":"https:\/\/archive.sana.sy\/tr\/?p=285296","title":{"rendered":"Seyyid Nasrullah: Kur&#8217;an-\u0131 Kerim&#8217;e Hakaret \u0130slam&#8217;a Sald\u0131r\u0131d\u0131r"},"content":{"rendered":"<p style=\"text-align: justify;\"><strong>BEYRUT 29 Temmuz (SANA)<\/strong> \u2013 Hizbullah Genel Sekreteri Seyyid Hasan Nasrullah, Kur&#8217;an-\u0131 Kerim&#8217;e hakaretin \u0130slam&#8217;a ve iki milyar M\u00fcsl\u00fcmana y\u00f6nelik bir sald\u0131r\u0131 oldu\u011funu teyit ederek, \u0130slam \u00fclkelerini \u0130sve\u00e7 ve Danimarka&#8217;da ya\u015fanan taciz d\u00fczeyi hakk\u0131nda karar almaya \u00e7a\u011f\u0131rd\u0131.<\/p>\n<p style=\"text-align: justify;\">Seyyid Nasrullah, bug\u00fcn Muharrem&#8217;in onuncu y\u0131ld\u00f6n\u00fcm\u00fc kutlamalar\u0131n\u0131n y\u0131ld\u00f6n\u00fcm\u00fcnde yapt\u0131\u011f\u0131 konu\u015fmada, \u2018\u2019\u0130slam milleti, k\u00fclt\u00fcrel ve ahlaki yap\u0131s\u0131yla, ifade \u00f6zg\u00fcrl\u00fc\u011f\u00fc bahanesiyle sembollerine, kutsallar\u0131na, Kuran&#8217;a ve Peygamberine hakaret edilmesine m\u00fcsamaha g\u00f6stermez. \u2019\u2019 ifadelerini kullanarak, bu sald\u0131rganl\u0131\u011f\u0131n, Danimarka ve \u0130sve\u00e7&#8217;in diplomatik ve ekonomik boykotuyla kar\u015f\u0131lanmas\u0131 gerekti\u011fini kaydetti. .<\/p>\n<p style=\"text-align: justify;\">Seyyid Nasrullah ayr\u0131ca, \u2018\u2019 Amerika&#8217;n\u0131n Suriye&#8217;deki ba\u015far\u0131s\u0131zl\u0131\u011f\u0131ndan sonra, Amerika Birle\u015fik Devletleri haks\u0131z Sezar Yasas\u0131 ile Suriye halk\u0131n\u0131 ku\u015fatmaya devam ediyor\u2019\u2019 diyerek, \u00fcbnan ulusal direni\u015finin, \u00e7etin s\u0131navlar\u0131nda Suriye halk\u0131n\u0131n yan\u0131nda oldu\u011funu vurgulad\u0131.<\/p>\n<p style=\"text-align: justify;\">L\u00fcbnan ulusal direni\u015finin \u0130srail sald\u0131r\u0131lar\u0131na yan\u0131t vermeye haz\u0131r oldu\u011funu vurgulayan Nasrullah, \u2018\u2019Direni\u015f kay\u0131ts\u0131z olmayacak ve \u0130srail&#8217;in her t\u00fcrl\u00fc aptall\u0131\u011f\u0131n\u0131 cayd\u0131rmaya, y\u00fczle\u015fmeye ve \u00f6zg\u00fcrle\u015ftirmeye haz\u0131r olacak\u2019\u2019 ifadelerini kulland\u0131.<\/p>\n<p style=\"text-align: justify;\"><a href=\"https:\/\/t.me\/SuriyeArapHaberAjansI\">Telegram Kanal\u0131m\u0131z\u00a0<\/a><\/p>\n<p style=\"text-align: justify;\"><a href=\"https:\/\/www.facebook.com\/SANAHaberAjansi\/\">Facebook Sayfam\u0131z<\/a><\/p>\n<p style=\"text-align: justify;\"><a href=\"https:\/\/twitter.com\/arap_ajans\">Twitter Hesab\u0131m\u0131z<\/a><\/p>\n","protected":false},"excerpt":{"rendered":"<p>BEYRUT 29 Temmuz (SANA) \u2013 Hizbullah Genel Sekreteri Seyyid Hasan Nasrullah, Kur&#8217;an-\u0131 Kerim&#8217;e hakaretin \u0130slam&#8217;a ve iki milyar M\u00fcsl\u00fcmana y\u00f6nelik bir sald\u0131r\u0131 oldu\u011funu teyit ederek, \u0130slam \u00fclkelerini \u0130sve\u00e7 ve Danimarka&#8217;da ya\u015fanan taciz d\u00fczeyi hakk\u0131nda karar almaya \u00e7a\u011f\u0131rd\u0131. Seyyid Nasrullah, bug\u00fcn Muharrem&#8217;in onuncu y\u0131ld\u00f6n\u00fcm\u00fc kutlamalar\u0131n\u0131n y\u0131ld\u00f6n\u00fcm\u00fcnde yapt\u0131\u011f\u0131 konu\u015fmada, \u2018\u2019\u0130slam milleti, k\u00fclt\u00fcrel ve ahlaki yap\u0131s\u0131yla, ifade \u00f6zg\u00fcrl\u00fc\u011f\u00fc &hellip;<\/p>\n","protected":false},"author":41,"featured_media":285298,"comment_status":"closed","ping_status":"closed","sticky":false,"template":"","format":"standard","meta":{"footnotes":""},"categories":[458,459,17988,1],"tags":[38999,38998,39001,39000],"class_list":["post-285296","post","type-post","status-publish","format-standard","has-post-thumbnail","","category-dunya1","category-haberler-arap-uluslararasi-politika","category-son-haberler","category-news-not-sorted","tag-danimarka-ve-isvec","tag-hizbullah-genel-sekreteri-seyyid-hasan-nasrullah","tag-seyyid-nasrullah-kuran-i-kerime-hakaret-islama-saldiridir","tag-sezar-yasasi"],"_links":{"self":[{"href":"https:\/\/archive.sana.sy\/tr\/index.php?rest_route=\/wp\/v2\/posts\/285296","targetHints":{"allow":["GET"]}}],"collection":[{"href":"https:\/\/archive.sana.sy\/tr\/index.php?rest_route=\/wp\/v2\/posts"}],"about":[{"href":"https:\/\/archive.sana.sy\/tr\/index.php?rest_route=\/wp\/v2\/types\/post"}],"author":[{"embeddable":true,"href":"https:\/\/archive.sana.sy\/tr\/index.php?rest_route=\/wp\/v2\/users\/41"}],"replies":[{"embeddable":true,"href":"https:\/\/archive.sana.sy\/tr\/index.php?rest_route=%2Fwp%2Fv2%2Fcomments&post=285296"}],"version-history":[{"count":2,"href":"https:\/\/archive.sana.sy\/tr\/index.php?rest_route=\/wp\/v2\/posts\/285296\/revisions"}],"predecessor-version":[{"id":285300,"href":"https:\/\/archive.sana.sy\/tr\/index.php?rest_route=\/wp\/v2\/posts\/285296\/revisions\/285300"}],"wp:featuredmedia":[{"embeddable":true,"href":"https:\/\/archive.sana.sy\/tr\/index.php?rest_route=\/wp\/v2\/media\/285298"}],"wp:attachment":[{"href":"https:\/\/archive.sana.sy\/tr\/index.php?rest_route=%2Fwp%2Fv2%2Fmedia&parent=285296"}],"wp:term":[{"taxonomy":"category","embeddable":true,"href":"https:\/\/archive.sana.sy\/tr\/index.php?rest_route=%2Fwp%2Fv2%2Fcategories&post=285296"},{"taxonomy":"post_tag","embeddable":true,"href":"https:\/\/archive.sana.sy\/tr\/index.php?rest_route=%2Fwp%2Fv2%2Ftags&post=285296"}],"curies":[{"name":"wp","href":"https:\/\/api.w.org\/{rel}","templated":true}]}}