{"id":285442,"date":"2023-07-31T14:57:57","date_gmt":"2023-07-31T11:57:57","guid":{"rendered":"https:\/\/sana.sy\/tr\/?p=285442"},"modified":"2023-07-31T15:19:36","modified_gmt":"2023-07-31T12:19:36","slug":"cumhurbaskani-ibrahim-reisinin-gectigimiz-gunlerde-suriyeye-yaptigi-ziyarette-varilan-mutabakatlarin-hayata-gecirilmesi-icin-pratik-adimlar-atilmaya-baslandi","status":"publish","type":"post","link":"https:\/\/archive.sana.sy\/tr\/?p=285442","title":{"rendered":"Mikdad: Cumhurba\u015fkan\u0131 \u0130brahim Reisi&#8217;nin ge\u00e7ti\u011fimiz g\u00fcnlerde Suriye&#8217;ye yapt\u0131\u011f\u0131 ziyarette var\u0131lan mutabakatlar\u0131n hayata ge\u00e7irilmesi i\u00e7in pratik ad\u0131mlar at\u0131lmaya ba\u015fland\u0131."},"content":{"rendered":"","protected":false},"excerpt":{"rendered":"","protected":false},"author":41,"featured_media":0,"comment_status":"closed","ping_status":"closed","sticky":false,"template":"","format":"standard","meta":{"footnotes":""},"categories":[1],"tags":[],"class_list":["post-285442","post","type-post","status-publish","format-standard","","category-news-not-sorted"],"_links":{"self":[{"href":"https:\/\/archive.sana.sy\/tr\/index.php?rest_route=\/wp\/v2\/posts\/285442","targetHints":{"allow":["GET"]}}],"collection":[{"href":"https:\/\/archive.sana.sy\/tr\/index.php?rest_route=\/wp\/v2\/posts"}],"about":[{"href":"https:\/\/archive.sana.sy\/tr\/index.php?rest_route=\/wp\/v2\/types\/post"}],"author":[{"embeddable":true,"href":"https:\/\/archive.sana.sy\/tr\/index.php?rest_route=\/wp\/v2\/users\/41"}],"replies":[{"embeddable":true,"href":"https:\/\/archive.sana.sy\/tr\/index.php?rest_route=%2Fwp%2Fv2%2Fcomments&post=285442"}],"version-history":[{"count":2,"href":"https:\/\/archive.sana.sy\/tr\/index.php?rest_route=\/wp\/v2\/posts\/285442\/revisions"}],"predecessor-version":[{"id":285444,"href":"https:\/\/archive.sana.sy\/tr\/index.php?rest_route=\/wp\/v2\/posts\/285442\/revisions\/285444"}],"wp:attachment":[{"href":"https:\/\/archive.sana.sy\/tr\/index.php?rest_route=%2Fwp%2Fv2%2Fmedia&parent=285442"}],"wp:term":[{"taxonomy":"category","embeddable":true,"href":"https:\/\/archive.sana.sy\/tr\/index.php?rest_route=%2Fwp%2Fv2%2Fcategories&post=285442"},{"taxonomy":"post_tag","embeddable":true,"href":"https:\/\/archive.sana.sy\/tr\/index.php?rest_route=%2Fwp%2Fv2%2Ftags&post=285442"}],"curies":[{"name":"wp","href":"https:\/\/api.w.org\/{rel}","templated":true}]}}