{"id":285451,"date":"2023-07-31T15:24:18","date_gmt":"2023-07-31T12:24:18","guid":{"rendered":"https:\/\/sana.sy\/tr\/?p=285451"},"modified":"2023-08-02T08:07:33","modified_gmt":"2023-08-02T05:07:33","slug":"mikdat-varilan-anlasmalarin-hayata-gecirilmesi-icin-pratik-adimlar-atilmaya-baslandi","status":"publish","type":"post","link":"https:\/\/archive.sana.sy\/tr\/?p=285451","title":{"rendered":"Mikdat \u0650: Suriye-\u0130ran \u0130li\u015fkileri Kazan\u0131mlar Elde Etmeye Devam Ediyor&#8230; Abdullahiyan: Suriye&#8217;yi Desteklemeye Devam Edece\u011fiz"},"content":{"rendered":"<p style=\"text-align: justify;\"><strong>TAHRAN 31 Temmuz (SANA)<\/strong> &#8211; D\u0131\u015fi\u015fleri ve Gurbet\u00e7iler Bakan\u0131 Faysal Mikdad, Cumhurba\u015fkan\u0131 \u0130brahim Reisi&#8217;nin son Suriye ziyareti s\u0131ras\u0131nda var\u0131lan anla\u015fmalar\u0131n uygulanmas\u0131 i\u00e7in pratik ad\u0131mlar\u0131n at\u0131lmaya ba\u015flad\u0131\u011f\u0131n\u0131 vurgulad\u0131.<\/p>\n<p style=\"text-align: justify;\">Bakan Mikdad bug\u00fcn \u0130ran D\u0131\u015fi\u015fleri Bakan\u0131 H\u00fcseyin Emir Abdullahiyan ile Tahran&#8217;da d\u00fczenledi\u011fi bas\u0131n toplant\u0131s\u0131nda, \u2018\u2019\u00dclkeleri aras\u0131ndaki etkili diplomasi halklar\u0131 i\u00e7in iyiye i\u015faret oldu\u011fundan, b\u00f6lgedeki geli\u015fmelerden memnunuz. Bu \u00e7abalar\u0131 engellemek isteyen herkes, Arap halk\u0131n\u0131n, Arap topraklar\u0131n\u0131n Siyonist i\u015fgalini s\u00fcrd\u00fcrmeye <img loading=\"lazy\" decoding=\"async\" class=\"size-medium wp-image-285457 alignright\" src=\"http:\/\/sana.sy\/tr\/wp-content\/uploads\/2023\/07\/9-15-300x168.jpg\" alt=\"\" width=\"300\" height=\"168\" srcset=\"https:\/\/archive.sana.sy\/tr\/wp-content\/uploads\/2023\/07\/9-15-300x168.jpg 300w, https:\/\/archive.sana.sy\/tr\/wp-content\/uploads\/2023\/07\/9-15.jpg 660w\" sizes=\"auto, (max-width: 300px) 100vw, 300px\" \/>\u00e7al\u0131\u015fan otoriter Amerikan uygulamalar\u0131ndan b\u0131kt\u0131\u011f\u0131n\u0131 bilmeli\u2019\u2019 dedi.<\/p>\n<p style=\"text-align: justify;\"><span style=\"color: #0000ff;\">Mikdad, Suriye&#8217;nin Filistin halk\u0131na deste\u011fini ve \u0130srail i\u015fgalinin onlara kar\u015f\u0131 i\u015fledi\u011fi sava\u015f su\u00e7lar\u0131 ve insanl\u0131\u011fa kar\u015f\u0131 su\u00e7lar\u0131 k\u0131nad\u0131\u011f\u0131n\u0131 yineledi.<\/span><\/p>\n<p style=\"text-align: justify;\">Mikdad ayr\u0131ca, &#8220;Amerikan i\u015fgalinin Suriye&#8217;deki su\u00e7lar\u0131 devam edemez ve Suriye halk\u0131 buna s\u00fcresiz olarak m\u00fcsamaha g\u00f6stermeyecektir ve Amerikan i\u015fgal ordusu i\u015fgal etti\u011fi topraklardan \u00e7ekilmelidir &#8221; ifadelerini kulland\u0131.<\/p>\n<p style=\"text-align: justify;\">\u2018\u2019\u0130srail i\u015fgalinin canice uygulamalar\u0131 sadece Filistin halk\u0131yla s\u0131n\u0131rl\u0131 de\u011fil, i\u015fgal alt\u0131ndaki Suriye Golan&#8217;daki milli m\u00fccadelesi ve Suriye Arap kimli\u011fine ba\u011fl\u0131l\u0131\u011f\u0131 nedeniyle genci ya\u015fl\u0131y\u0131 selamlad\u0131\u011f\u0131m\u0131z halk\u0131m\u0131z\u0131 da etkiliyor\u2019\u2019 diyen Bakan Mikdad, ABD&#8217;nin i\u015fgal etti\u011fi Tanf b\u00f6lgesinin kendisini \u015fu ya da bu yere g\u00f6nderen ter\u00f6r \u00f6rg\u00fctleri i\u00e7in bir merkez olmas\u0131n\u0131 istedi\u011fine dikkat \u00e7ekti.<\/p>\n<p style=\"text-align: justify;\"><span style=\"color: #0000ff;\">Mikdat ayr\u0131ca, Suriyeli s\u0131\u011f\u0131nmac\u0131lar\u0131n geri d\u00f6n\u00fc\u015f\u00fc i\u00e7in her t\u00fcrl\u00fc giri\u015fimin yan\u0131nday\u0131z<\/span> ama Bat\u0131l\u0131 \u00fclkeler \u015fartlar\u0131n elveri\u015fsiz oldu\u011fu bahanesiyle bu d\u00f6n\u00fc\u015f\u00fc engelledi\u011fini kaydederken, ABD&#8217;nin petrol ya\u011fmalamaya ve Suriye halk\u0131n\u0131 servetinden mahrum etmeye devam etti\u011fine, ayr\u0131l\u0131k\u00e7\u0131 milislerinin ve T\u00fcrkiye&#8217;nin Haseke halk\u0131n\u0131 sudan mahrum etti\u011fine i\u015faret etti.<\/p>\n<p style=\"text-align: justify;\">Mikdad, SANA muhabirinin bir sorusuna yan\u0131t olarak, \u2018\u2019Suriye&#8217;nin Cidde Zirvesi&#8217;nde Arap \u00e7abalar\u0131na kat\u0131lmas\u0131n\u0131n ard\u0131ndan ABD histerik hale geldi ve Arap \u00fclkelerini sanki Birli\u011fin \u00fcyeleriymi\u015f gibi kararlar\u0131ndan dolay\u0131 k\u0131namaya <img loading=\"lazy\" decoding=\"async\" class=\"size-full wp-image-285460 alignright\" src=\"http:\/\/sana.sy\/tr\/wp-content\/uploads\/2023\/07\/\u0645\u0624\u062a\u0645\u0631-\u0635\u062d\u0641\u064a-\u0644\u0644\u0648\u0632\u064a\u0631-\u0627\u0644\u0645\u0642\u062f\u0627\u062f-\u0648\u0646\u0638\u064a\u0631\u0647-\u0639\u0628\u062f-\u0627\u0644\u0644\u0647\u064a\u0627\u0646-3-300x175-1.jpg\" alt=\"\" width=\"300\" height=\"175\" \/>ba\u015flad\u0131. \u00c7ark\u0131 d\u00f6nd\u00fcrmek istiyor ama Arap karde\u015flerimiz Bat\u0131&#8217;n\u0131n \u015fantajlar\u0131na boyun e\u011fmeyecek\u2019\u2019\u00a0 ifadelerini kulland\u0131.<\/p>\n<p style=\"text-align: justify;\">Abdullahiyan ayr\u0131ca, \u201cB\u00f6lgesel ve uluslararas\u0131 geli\u015fmeleri ele ald\u0131k ve b\u00f6lgede istikrar ve g\u00fcvenli\u011fin d\u0131\u015f m\u00fcdahalelerden uzak sa\u011flanmas\u0131n\u0131n \u00f6nemini vurgulad\u0131k\u2019\u2019 diyerek , \u2018\u2019Siyonist olu\u015fumun Suriye&#8217;ye y\u00f6nelik tekrarlanan sald\u0131r\u0131lar\u0131n\u0131 k\u0131n\u0131yoruz ve bu olu\u015fum, b\u00f6lgede istikrars\u0131zl\u0131\u011f\u0131n ve istikrar\u0131n ana kayna\u011f\u0131d\u0131r\u2019\u2019 a\u00e7\u0131klamada bulundu.<\/p>\n<p style=\"text-align: justify;\">Abdullahiyan ayr\u0131ca, \u2018\u2019Amerikan i\u015fgal g\u00fc\u00e7leri Suriye&#8217;deki ter\u00f6ristleri destekliyor ve onlar\u0131n Suriye topraklar\u0131ndan bir an \u00f6nce \u00e7\u0131kmalar\u0131n\u0131 talep ediyoruz \u00e7\u00fcnk\u00fc bu, b\u00f6lgede g\u00fcvenlik ve bar\u0131\u015f\u0131n sa\u011flanmas\u0131na yard\u0131mc\u0131 olacakt\u0131r\u2019\u2019 dedi.<\/p>\n<p style=\"text-align: justify;\">Bakan Abdulahiyan, \u2018\u2019<span style=\"color: #0000ff;\">Cumhurba\u015fkan\u0131 Reisi&#8217;nin \u015eam ziyareti s\u0131ras\u0131nda var\u0131lan mutabakatlar\u0131n takibini yapmak ortak \u00f6nceli\u011fimizdir.<\/span> Ekonomik, ticari ve teknolojik anla\u015fmalar\u0131n uygulanmas\u0131nda ilerlemeye tan\u0131k olduk. \u00a0\u0130ki \u00fclkenin \u00e7\u0131karlar\u0131 do\u011frultusunda g\u00f6zden ge\u00e7irildi. \u0130ki \u00fclkenin ulusal para birimi cinsinden ticari i\u015flemlere ili\u015fkin anla\u015fman\u0131n hayata ge\u00e7irilmesi, \u00f6zel sekt\u00f6r ve i\u015fadamlar\u0131 aras\u0131ndaki i\u015fbirli\u011finin art\u0131r\u0131lmas\u0131 ve u\u00e7u\u015flar\u0131n art\u0131r\u0131lmas\u0131na y\u00f6nelik \u00e7al\u0131\u015fmalar da devam ediyor\u2019\u2019 dedi.<\/p>\n<p style=\"text-align: justify;\">\u2018\u2019Limanlar ve haberle\u015fme ile ilgili bir\u00e7ok proje ve anla\u015fma ile iki \u00fclkenin ortak g\u00fcndemindeki di\u011fer konularda mutab\u0131k kald\u0131k\u2019\u2019 diyen Abdulahiyan, Abdullahian, \u0130ran&#8217;\u0131n b\u00f6lgede istikrar\u0131n sa\u011flanmas\u0131 i\u00e7in \u00e7aba ve deste\u011fini s\u00fcrd\u00fcrece\u011fini ve Suriye halk\u0131n\u0131n \u00fclkesinin ba\u011f\u0131ms\u0131zl\u0131\u011f\u0131n\u0131 ve egemenli\u011fini savunma hakk\u0131n\u0131 destekleyece\u011fini vurgulad\u0131 ve yabanc\u0131 \u00fclkelerin m\u00fcdahalesi, m\u00fcltecilerin geri d\u00f6n\u00fc\u015f\u00fc ve Bat\u0131&#8217;n\u0131n tek tarafl\u0131 \u00f6nlemlerinin kald\u0131r\u0131lmas\u0131 durdurulmadan Suriye&#8217;de istikrar\u0131n sa\u011flanamayaca\u011f\u0131na i\u015faret etti.<\/p>\n<p style=\"text-align: justify;\">Abdullahiyan ayr\u0131ca, \u0130ran&#8217;\u0131n Siyonist varl\u0131\u011f\u0131n Suriye topraklar\u0131na y\u00f6nelik tekrarlanan sald\u0131r\u0131lar\u0131n\u0131 k\u0131nad\u0131\u011f\u0131n\u0131 yineledi ve bu varl\u0131\u011f\u0131n b\u00f6lgede istikrar\u0131 bozman\u0131n ve istikrar\u0131 bozman\u0131n ana kayna\u011f\u0131 oldu\u011funa dikkat \u00e7ekti.<\/p>\n<p style=\"text-align: justify;\"><span style=\"color: #0000ff;\">Abdullahiyan, Suriye ile T\u00fcrkiye aras\u0131ndaki ili\u015fkilerin normale d\u00f6nmesine ili\u015fkin \u015funlar\u0131 s\u00f6yledi<\/span>: \u2018\u2019D\u00f6rtl\u00fc g\u00f6r\u00fc\u015fme \u00e7er\u00e7evesinin, anla\u015fma ve Suriye ile T\u00fcrkiye aras\u0131ndaki ortak s\u0131n\u0131rlar \u00fczerinde g\u00fcvenli\u011fin tesis edilmesi i\u00e7in en uygun diplomatik yol oldu\u011funa inan\u0131yoruz. Savunma ve d\u0131\u015fi\u015fleri bakanlar\u0131 d\u00fczeyinde \u00e7e\u015fitli toplant\u0131lar yap\u0131ld\u0131 ve son toplant\u0131da T\u00fcrk askeri g\u00fc\u00e7lerinin bir takvime g\u00f6re s\u0131n\u0131rlar\u0131na d\u00f6nmesi konusu g\u00fcndeme getirildi. Tahran ve Moskova bu g\u00f6r\u00fc\u015fmeleri ba\u015far\u0131l\u0131 k\u0131lmak i\u00e7in \u00e7abalar\u0131n\u0131 s\u00fcrd\u00fcreceklerdir.\u2019\u2019<\/p>\n<p style=\"text-align: justify;\"><a href=\"https:\/\/t.me\/SuriyeArapHaberAjansI\">Telegram Kanal\u0131m\u0131z\u00a0<\/a><\/p>\n<p style=\"text-align: justify;\"><a href=\"https:\/\/www.facebook.com\/SANAHaberAjansi\/\">Facebook Sayfam\u0131z<\/a><\/p>\n<p style=\"text-align: justify;\"><a href=\"https:\/\/twitter.com\/arap_ajans\">Twitter Hesab\u0131m\u0131z<\/a><\/p>\n","protected":false},"excerpt":{"rendered":"<p>TAHRAN 31 Temmuz (SANA) &#8211; D\u0131\u015fi\u015fleri ve Gurbet\u00e7iler Bakan\u0131 Faysal Mikdad, Cumhurba\u015fkan\u0131 \u0130brahim Reisi&#8217;nin son Suriye ziyareti s\u0131ras\u0131nda var\u0131lan anla\u015fmalar\u0131n uygulanmas\u0131 i\u00e7in pratik ad\u0131mlar\u0131n at\u0131lmaya ba\u015flad\u0131\u011f\u0131n\u0131 vurgulad\u0131. Bakan Mikdad bug\u00fcn \u0130ran D\u0131\u015fi\u015fleri Bakan\u0131 H\u00fcseyin Emir Abdullahiyan ile Tahran&#8217;da d\u00fczenledi\u011fi bas\u0131n toplant\u0131s\u0131nda, \u2018\u2019\u00dclkeleri aras\u0131ndaki etkili diplomasi halklar\u0131 i\u00e7in iyiye i\u015faret oldu\u011fundan, b\u00f6lgedeki geli\u015fmelerden memnunuz. Bu \u00e7abalar\u0131 &hellip;<\/p>\n","protected":false},"author":41,"featured_media":285462,"comment_status":"closed","ping_status":"closed","sticky":false,"template":"","format":"standard","meta":{"footnotes":""},"categories":[458,479,459,17988,478],"tags":[39034,39035,39033,39043],"class_list":["post-285451","post","type-post","status-publish","format-standard","has-post-thumbnail","","category-dunya1","category-haberler-yerel","category-haberler-arap-uluslararasi-politika","category-son-haberler","category-yerel","tag-iran-ile-suriye-arasindaki-iliskiler","tag-merikan-isgalinin-suriyedeki-suclari","tag-mikdat-varilan-anlasmalarin-hayata-gecirilmesi-icin-pratik-adimlar-atilmaya-baslandi","tag-turkiye-ve-suriye-arasindaki-iliskiler"],"_links":{"self":[{"href":"https:\/\/archive.sana.sy\/tr\/index.php?rest_route=\/wp\/v2\/posts\/285451","targetHints":{"allow":["GET"]}}],"collection":[{"href":"https:\/\/archive.sana.sy\/tr\/index.php?rest_route=\/wp\/v2\/posts"}],"about":[{"href":"https:\/\/archive.sana.sy\/tr\/index.php?rest_route=\/wp\/v2\/types\/post"}],"author":[{"embeddable":true,"href":"https:\/\/archive.sana.sy\/tr\/index.php?rest_route=\/wp\/v2\/users\/41"}],"replies":[{"embeddable":true,"href":"https:\/\/archive.sana.sy\/tr\/index.php?rest_route=%2Fwp%2Fv2%2Fcomments&post=285451"}],"version-history":[{"count":12,"href":"https:\/\/archive.sana.sy\/tr\/index.php?rest_route=\/wp\/v2\/posts\/285451\/revisions"}],"predecessor-version":[{"id":285475,"href":"https:\/\/archive.sana.sy\/tr\/index.php?rest_route=\/wp\/v2\/posts\/285451\/revisions\/285475"}],"wp:featuredmedia":[{"embeddable":true,"href":"https:\/\/archive.sana.sy\/tr\/index.php?rest_route=\/wp\/v2\/media\/285462"}],"wp:attachment":[{"href":"https:\/\/archive.sana.sy\/tr\/index.php?rest_route=%2Fwp%2Fv2%2Fmedia&parent=285451"}],"wp:term":[{"taxonomy":"category","embeddable":true,"href":"https:\/\/archive.sana.sy\/tr\/index.php?rest_route=%2Fwp%2Fv2%2Fcategories&post=285451"},{"taxonomy":"post_tag","embeddable":true,"href":"https:\/\/archive.sana.sy\/tr\/index.php?rest_route=%2Fwp%2Fv2%2Ftags&post=285451"}],"curies":[{"name":"wp","href":"https:\/\/api.w.org\/{rel}","templated":true}]}}