{"id":285463,"date":"2023-07-31T12:00:32","date_gmt":"2023-07-31T09:00:32","guid":{"rendered":"https:\/\/sana.sy\/tr\/?p=285463"},"modified":"2023-08-01T10:08:44","modified_gmt":"2023-08-01T07:08:44","slug":"amerikalilarin-ulkelerinin-ordusuna-olan-guveni-sert-sekilde-dusuyor","status":"publish","type":"post","link":"https:\/\/archive.sana.sy\/tr\/?p=285463","title":{"rendered":"Amerikal\u0131lar\u0131n \u00dclkelerinin Ordusuna Olan G\u00fcveni Sert \u015eekilde D\u00fc\u015f\u00fcyor"},"content":{"rendered":"<p style=\"text-align: justify;\"><strong>VA\u015e\u0130NGTON 31 Temmuz (SANA) &#8211; <\/strong>Amerikan &#8220;Gallup&#8221; kurumu taraf\u0131ndan 1-22 Haziran tarihleri \u200b\u200baras\u0131nda yap\u0131lan bir anket, Amerikan halk\u0131n\u0131n ABD ordusu da dahil olmak \u00fczere bir\u00e7ok kamu kurumuna g\u00fcveninin rekor d\u00fczeyde azald\u0131\u011f\u0131n\u0131 g\u00f6sterdi.<\/p>\n<p style=\"text-align: justify;\">Gallup, \u2018\u2019ABD ordusuna olan g\u00fcven seviyesinin 1997&#8217;de %60&#8217;a ula\u015ft\u0131\u011f\u0131n\u0131 belirterek, \u2018\u20191970&#8217;lerin sonlar\u0131ndan 1980&#8217;lerin ba\u015f\u0131na kadar, So\u011fuk Sava\u015f s\u0131ras\u0131nda Amerikal\u0131lar\u0131n y\u00fczde 50 ila 58&#8217;i ordular\u0131na g\u00fcveniyordu\u2019\u2019 dedi.<\/p>\n<p style=\"text-align: justify;\">Gallup&#8217;a g\u00f6re, ABD ordusuna duyulan g\u00fcven, &#8220;2021&#8217;de %69&#8217;a d\u00fc\u015fene kadar son yirmi y\u0131lda genel olarak %70&#8217;in \u00fczerinde kald\u0131 ve o zamandan beri, Afganistan&#8217;dan k\u00f6t\u00fc bir \u015fekilde uygulanan \u00e7\u0131k\u0131\u015f\u0131n ard\u0131ndan daha da d\u00fc\u015ft\u00fc.<\/p>\n<p style=\"text-align: justify;\">Amerikan analiz ve dan\u0131\u015fmanl\u0131k \u015firketi, siyasi partilere g\u00f6re g\u00fcven hakk\u0131nda, \u2018\u2019Cumhuriyet\u00e7iler, son 48 y\u0131lda orduya g\u00fcvenlerini en \u00e7ok ifade edenler oldular. Bug\u00fcn hala \u00f6yleler, ancak oran 3 y\u0131lda y\u00fczde 20&#8217;den fazla d\u00fc\u015ferek %91&#8217;den %68&#8217;e d\u00fc\u015ft\u00fc\u2019\u2019 ifadelerini kulland\u0131.<\/p>\n<p style=\"text-align: justify;\">Bunun yan\u0131nda, ba\u011f\u0131ms\u0131zlar\u0131n g\u00fcveni 13 puan azalarak %68&#8217;den %55&#8217;e d\u00fc\u015ft\u00fc ve ba\u011f\u0131ms\u0131zlar art\u0131k Demokratlardan daha az g\u00fcveniyor.<\/p>\n<p style=\"text-align: justify;\">Ge\u00e7en ay\u0131n sonlar\u0131nda, Amerikan gazetesi The Wall Street Journal, &#8220;ABD askeri askere alma krizi&#8221; hakk\u0131nda &#8220;gaziler bile \u00e7ocuklar\u0131n\u0131n orduya kat\u0131lmas\u0131n\u0131 istemiyor&#8221; diye yazd\u0131.<\/p>\n<p style=\"text-align: justify;\">Gazete, Amerika Birle\u015fik Devletleri&#8217;nde askere alma eksikli\u011finin, \u00e7\u00f6z\u00fclmedi\u011fi takdirde &#8220;orduyu g\u00fcc\u00fcn\u00fcn b\u00fcy\u00fckl\u00fc\u011f\u00fcn\u00fc azaltmaya zorlayacak&#8221; &#8220;uzun vadeli bir sorunu&#8221; temsil etti\u011fini de\u011ferlendirdi.<\/p>\n<p style=\"text-align: justify;\">Gazete ayr\u0131ca, ge\u00e7en y\u0131l\u0131n 1973&#8217;te tamamen g\u00f6n\u00fcll\u00fclerden olu\u015fan ordunun ortaya \u00e7\u0131k\u0131\u015f\u0131ndan bu yana &#8220;ABD Ordusu i\u00e7in en zor asker toplama y\u0131l\u0131&#8221; oldu\u011funa dikkat \u00e7ekti.<\/p>\n<p><a href=\"https:\/\/t.me\/SuriyeArapHaberAjansI\">Telegram Kanal\u0131m\u0131z\u00a0<\/a><\/p>\n<p><a href=\"https:\/\/www.facebook.com\/SANAHaberAjansi\/\">Facebook Sayfam\u0131z<\/a><\/p>\n<p><a href=\"https:\/\/twitter.com\/arap_ajans\">Twitter Hesab\u0131m\u0131z<\/a><\/p>\n","protected":false},"excerpt":{"rendered":"<p>VA\u015e\u0130NGTON 31 Temmuz (SANA) &#8211; Amerikan &#8220;Gallup&#8221; kurumu taraf\u0131ndan 1-22 Haziran tarihleri \u200b\u200baras\u0131nda yap\u0131lan bir anket, Amerikan halk\u0131n\u0131n ABD ordusu da dahil olmak \u00fczere bir\u00e7ok kamu kurumuna g\u00fcveninin rekor d\u00fczeyde azald\u0131\u011f\u0131n\u0131 g\u00f6sterdi. Gallup, \u2018\u2019ABD ordusuna olan g\u00fcven seviyesinin 1997&#8217;de %60&#8217;a ula\u015ft\u0131\u011f\u0131n\u0131 belirterek, \u2018\u20191970&#8217;lerin sonlar\u0131ndan 1980&#8217;lerin ba\u015f\u0131na kadar, So\u011fuk Sava\u015f s\u0131ras\u0131nda Amerikal\u0131lar\u0131n y\u00fczde 50 ila 58&#8217;i &hellip;<\/p>\n","protected":false},"author":41,"featured_media":285464,"comment_status":"closed","ping_status":"closed","sticky":false,"template":"","format":"standard","meta":{"footnotes":""},"categories":[458,459,17988],"tags":[39037,39036,39039,39038],"class_list":["post-285463","post","type-post","status-publish","format-standard","has-post-thumbnail","","category-dunya1","category-haberler-arap-uluslararasi-politika","category-son-haberler","tag-amerika-ordusu","tag-amerikalilarin-ulkelerinin-ordusuna-olan-guveni-sert-sekilde-dusuyor","tag-merikan-gallup-kurumu","tag-the-wall-street-journal"],"_links":{"self":[{"href":"https:\/\/archive.sana.sy\/tr\/index.php?rest_route=\/wp\/v2\/posts\/285463","targetHints":{"allow":["GET"]}}],"collection":[{"href":"https:\/\/archive.sana.sy\/tr\/index.php?rest_route=\/wp\/v2\/posts"}],"about":[{"href":"https:\/\/archive.sana.sy\/tr\/index.php?rest_route=\/wp\/v2\/types\/post"}],"author":[{"embeddable":true,"href":"https:\/\/archive.sana.sy\/tr\/index.php?rest_route=\/wp\/v2\/users\/41"}],"replies":[{"embeddable":true,"href":"https:\/\/archive.sana.sy\/tr\/index.php?rest_route=%2Fwp%2Fv2%2Fcomments&post=285463"}],"version-history":[{"count":2,"href":"https:\/\/archive.sana.sy\/tr\/index.php?rest_route=\/wp\/v2\/posts\/285463\/revisions"}],"predecessor-version":[{"id":285466,"href":"https:\/\/archive.sana.sy\/tr\/index.php?rest_route=\/wp\/v2\/posts\/285463\/revisions\/285466"}],"wp:featuredmedia":[{"embeddable":true,"href":"https:\/\/archive.sana.sy\/tr\/index.php?rest_route=\/wp\/v2\/media\/285464"}],"wp:attachment":[{"href":"https:\/\/archive.sana.sy\/tr\/index.php?rest_route=%2Fwp%2Fv2%2Fmedia&parent=285463"}],"wp:term":[{"taxonomy":"category","embeddable":true,"href":"https:\/\/archive.sana.sy\/tr\/index.php?rest_route=%2Fwp%2Fv2%2Fcategories&post=285463"},{"taxonomy":"post_tag","embeddable":true,"href":"https:\/\/archive.sana.sy\/tr\/index.php?rest_route=%2Fwp%2Fv2%2Ftags&post=285463"}],"curies":[{"name":"wp","href":"https:\/\/api.w.org\/{rel}","templated":true}]}}