{"id":285468,"date":"2023-07-31T14:24:15","date_gmt":"2023-07-31T11:24:15","guid":{"rendered":"https:\/\/sana.sy\/tr\/?p=285468"},"modified":"2023-08-01T10:09:07","modified_gmt":"2023-08-01T07:09:07","slug":"uruguayli-unlu-savunmaci-diego-godin-futbolu-birakti","status":"publish","type":"post","link":"https:\/\/archive.sana.sy\/tr\/?p=285468","title":{"rendered":"Uruguayl\u0131 \u00dcnl\u00fc Savunmac\u0131 Diego Godin Futbolu B\u0131rakt\u0131"},"content":{"rendered":"<p style=\"text-align: justify;\"><strong>MONTEVIDEO 31 Temmuz (SANA)<\/strong> &#8211; Uruguay&#8217;\u0131n defans oyuncusu Diego Godin, Arjantin lig sezonunun son ma\u00e7\u0131nda tak\u0131m\u0131 Velez Sarsfield&#8217;\u0131n Huracan&#8217;a 1-0 yenilerek 20 y\u0131ll\u0131k parlak kariyerini perdelemesinin ard\u0131ndan futbolu b\u0131rakt\u0131.<\/p>\n<p style=\"text-align: justify;\">Eski Atletico Madrid kaptan\u0131, Atletico ile 627 profesyonel ma\u00e7a \u00e7\u0131kt\u0131, 38 gol att\u0131 ve ikisi UEFA Avrupa Ligi ve \u00fc\u00e7 Avrupa S\u00fcper Kupas\u0131 dahil 10 kupa kazand\u0131.<\/p>\n<p style=\"text-align: justify;\">Arjantin televizyonuna konu\u015fan 37 ya\u015f\u0131ndaki Godin, &#8220;Karar\u0131m\u0131 bu \u015fekilde vermek istedim ve sa\u011fl\u0131\u011f\u0131m tamamen yerinde. S\u00fcrpriz gibi g\u00f6r\u00fcnebilir ama bir s\u00fcredir bunu d\u00fc\u015f\u00fcn\u00fcyorum&#8221; dedi.<\/p>\n<p style=\"text-align: justify;\">Oyuncuya yak\u0131n bir kaynak, Uruguay&#8217;daki Club Nacional&#8217;in Godin ile s\u00f6zle\u015fme imzalad\u0131\u011f\u0131n\u0131 ancak stoperin ge\u00e7en ay d\u00fcnyaya gelen k\u0131z\u0131n\u0131 ald\u0131ktan sonra emekli olmaya karar verdi\u011fini belirtti.<\/p>\n<p><a href=\"https:\/\/t.me\/SuriyeArapHaberAjansI\">Telegram Kanal\u0131m\u0131z\u00a0<\/a><\/p>\n<p><a href=\"https:\/\/www.facebook.com\/SANAHaberAjansi\/\">Facebook Sayfam\u0131z<\/a><\/p>\n<p><a href=\"https:\/\/twitter.com\/arap_ajans\">Twitter Hesab\u0131m\u0131z<\/a><\/p>\n","protected":false},"excerpt":{"rendered":"<p>MONTEVIDEO 31 Temmuz (SANA) &#8211; Uruguay&#8217;\u0131n defans oyuncusu Diego Godin, Arjantin lig sezonunun son ma\u00e7\u0131nda tak\u0131m\u0131 Velez Sarsfield&#8217;\u0131n Huracan&#8217;a 1-0 yenilerek 20 y\u0131ll\u0131k parlak kariyerini perdelemesinin ard\u0131ndan futbolu b\u0131rakt\u0131. Eski Atletico Madrid kaptan\u0131, Atletico ile 627 profesyonel ma\u00e7a \u00e7\u0131kt\u0131, 38 gol att\u0131 ve ikisi UEFA Avrupa Ligi ve \u00fc\u00e7 Avrupa S\u00fcper Kupas\u0131 dahil 10 kupa &hellip;<\/p>\n","protected":false},"author":41,"featured_media":285469,"comment_status":"closed","ping_status":"closed","sticky":false,"template":"","format":"standard","meta":{"footnotes":""},"categories":[458,498,459,17988,496],"tags":[39042,39041,39040],"class_list":["post-285468","post","type-post","status-publish","format-standard","has-post-thumbnail","","category-dunya1","category-dunya-turnuvalari","category-haberler-arap-uluslararasi-politika","category-son-haberler","category-spor","tag-eski-atletico-madrid-kaptani","tag-uruguayin-defans-oyuncusu-diego-godin","tag-uruguayli-unlu-savunmaci-diego-godin-futbolu-birakti"],"_links":{"self":[{"href":"https:\/\/archive.sana.sy\/tr\/index.php?rest_route=\/wp\/v2\/posts\/285468","targetHints":{"allow":["GET"]}}],"collection":[{"href":"https:\/\/archive.sana.sy\/tr\/index.php?rest_route=\/wp\/v2\/posts"}],"about":[{"href":"https:\/\/archive.sana.sy\/tr\/index.php?rest_route=\/wp\/v2\/types\/post"}],"author":[{"embeddable":true,"href":"https:\/\/archive.sana.sy\/tr\/index.php?rest_route=\/wp\/v2\/users\/41"}],"replies":[{"embeddable":true,"href":"https:\/\/archive.sana.sy\/tr\/index.php?rest_route=%2Fwp%2Fv2%2Fcomments&post=285468"}],"version-history":[{"count":1,"href":"https:\/\/archive.sana.sy\/tr\/index.php?rest_route=\/wp\/v2\/posts\/285468\/revisions"}],"predecessor-version":[{"id":285470,"href":"https:\/\/archive.sana.sy\/tr\/index.php?rest_route=\/wp\/v2\/posts\/285468\/revisions\/285470"}],"wp:featuredmedia":[{"embeddable":true,"href":"https:\/\/archive.sana.sy\/tr\/index.php?rest_route=\/wp\/v2\/media\/285469"}],"wp:attachment":[{"href":"https:\/\/archive.sana.sy\/tr\/index.php?rest_route=%2Fwp%2Fv2%2Fmedia&parent=285468"}],"wp:term":[{"taxonomy":"category","embeddable":true,"href":"https:\/\/archive.sana.sy\/tr\/index.php?rest_route=%2Fwp%2Fv2%2Fcategories&post=285468"},{"taxonomy":"post_tag","embeddable":true,"href":"https:\/\/archive.sana.sy\/tr\/index.php?rest_route=%2Fwp%2Fv2%2Ftags&post=285468"}],"curies":[{"name":"wp","href":"https:\/\/api.w.org\/{rel}","templated":true}]}}