{"id":285479,"date":"2023-07-31T12:51:34","date_gmt":"2023-07-31T09:51:34","guid":{"rendered":"https:\/\/sana.sy\/tr\/?p=285479"},"modified":"2023-08-01T10:13:02","modified_gmt":"2023-08-01T07:13:02","slug":"halk-meclisi-suriye-arap-ordusu-ulusun-guvenligini-ve-istikrarini-korumanin-ana-diregidir","status":"publish","type":"post","link":"https:\/\/archive.sana.sy\/tr\/?p=285479","title":{"rendered":"Halk Meclisi: Suriye Arap Ordusu, Ulusun G\u00fcvenli\u011fini Ve \u0130stikrar\u0131n\u0131 Koruman\u0131n Ana Dire\u011fidir"},"content":{"rendered":"<p style=\"text-align: justify;\"><strong>\u015eAM 31 Temmuz (SANA)<\/strong> &#8211; Halk Meclisi, Suriye Arap Ordusu&#8217;nun \u00fclkenin g\u00fcvenli\u011fini, asayi\u015fini ve istikrar\u0131n\u0131 korumada ana dayanak oldu\u011funu \u00a0vurgulayarak, \u2018\u2019Yi\u011fit ordu, vatan\u0131n yaralar\u0131n\u0131 sarmak i\u00e7in can\u0131n\u0131 feda etmi\u015f, gelecek nesillerin h\u00fcr, aziz ve onurlu bir hayat ya\u015famas\u0131 i\u00e7in onlar\u0131n temiz ve ucuz kan\u0131n\u0131 ak\u0131tm\u0131\u015ft\u0131r\u2019\u2019 dedi.<\/p>\n<p style=\"text-align: justify;\">Meclis, Suriye Arap Ordusu&#8217;nun kurulu\u015funun yetmi\u015f sekizinci y\u0131ld\u00f6n\u00fcm\u00fc m\u00fcnasebetiyle bug\u00fcn bir kopyas\u0131 SANA&#8217;ya ula\u015fan bir a\u00e7\u0131klamada, \u2018\u2019\u00d6l\u00fcms\u00fcz Maysalun destan\u0131ndan ba\u015flay\u0131p Filistin topraklar\u0131nda Siyonist d\u00fc\u015fmanla y\u00fczle\u015fmeye ve \u015fanl\u0131 Ekim Kurtulu\u015f Sava\u015f\u0131&#8217;nda b\u00fcy\u00fck zafere yol a\u00e7maya kadar Suriye Arap Ordusu&#8217;nun rol\u00fc b\u00fcy\u00fcd\u00fc\u2019\u2019 ifadeleri kulland\u0131.<\/p>\n<p style=\"text-align: justify;\">Meclis ayr\u0131ca, ordunun kurulu\u015f y\u0131ld\u00f6n\u00fcm\u00fcn\u00fcn, ordunun s\u0131k\u0131 milli ve milliyet\u00e7i ilkeli duru\u015fu ve Amerikan ve Bat\u0131 diktalar\u0131na boyun e\u011fmemesi nedeniyle Suriye&#8217;ye y\u00f6nelik komplonun yo\u011funla\u015ft\u0131\u011f\u0131 ko\u015fullarda bug\u00fcn oldu\u011funa i\u015faret etti.<\/p>\n<p style=\"text-align: justify;\">Meclis a\u00e7\u0131klamas\u0131nda ayr\u0131ca, kahramanl\u0131k fabrikas\u0131 ve insanlar\u0131n do\u011fum yeri olan Suriye Arap Ordusu&#8217;nun yi\u011fit kahramanlar\u0131na en y\u00fcksek takdir ve gurur dizeleriyle hitap ederek, t\u00fcm zorluklara ve zorluklara ra\u011fmen bu komploya kar\u015f\u0131 zaferin ka\u00e7\u0131n\u0131lmazl\u0131\u011f\u0131na olan g\u00fcvenini ifade etti.<\/p>\n<p style=\"text-align: justify;\">Ordu ve Silahl\u0131 Kuvvetler Ba\u015fkomutan\u0131 Cumhurba\u015fkan\u0131\u00a0 Be\u015f\u015far Esad liderli\u011finde parlak zafer y\u00fcr\u00fcy\u00fc\u015f\u00fcn\u00fcn devam etmesini ve yeni Suriye&#8217;nin yeniden in\u015fas\u0131 s\u00fcrecinin tamamlanmas\u0131n\u0131 vurgulayan Halk Meclisi, ordunun vatan u\u011fruna kahramanl\u0131k, fedakarl\u0131k ve kefaret sembol\u00fc olarak kalaca\u011f\u0131n\u0131 ve g\u00fcnlerce gurur ve cesaret unvan\u0131 olarak kalaca\u011f\u0131n\u0131 kaydetti.<\/p>\n<p style=\"text-align: justify;\">Meclis, temiz vatan \u015fehitlerinin ruhlar\u0131n\u0131 sayg\u0131yla anarak, yaral\u0131lara acil \u015fifalar de diledi.<\/p>\n<p style=\"text-align: justify;\"><a href=\"https:\/\/t.me\/SuriyeArapHaberAjansI\">Telegram Kanal\u0131m\u0131z\u00a0<\/a><\/p>\n<p style=\"text-align: justify;\"><a href=\"https:\/\/www.facebook.com\/SANAHaberAjansi\/\">Facebook Sayfam\u0131z<\/a><\/p>\n<p style=\"text-align: justify;\"><a href=\"https:\/\/twitter.com\/arap_ajans\">Twitter Hesab\u0131m\u0131z<\/a><\/p>\n","protected":false},"excerpt":{"rendered":"<p>\u015eAM 31 Temmuz (SANA) &#8211; Halk Meclisi, Suriye Arap Ordusu&#8217;nun \u00fclkenin g\u00fcvenli\u011fini, asayi\u015fini ve istikrar\u0131n\u0131 korumada ana dayanak oldu\u011funu \u00a0vurgulayarak, \u2018\u2019Yi\u011fit ordu, vatan\u0131n yaralar\u0131n\u0131 sarmak i\u00e7in can\u0131n\u0131 feda etmi\u015f, gelecek nesillerin h\u00fcr, aziz ve onurlu bir hayat ya\u015famas\u0131 i\u00e7in onlar\u0131n temiz ve ucuz kan\u0131n\u0131 ak\u0131tm\u0131\u015ft\u0131r\u2019\u2019 dedi. Meclis, Suriye Arap Ordusu&#8217;nun kurulu\u015funun yetmi\u015f sekizinci y\u0131ld\u00f6n\u00fcm\u00fc m\u00fcnasebetiyle &hellip;<\/p>\n","protected":false},"author":41,"featured_media":285480,"comment_status":"closed","ping_status":"closed","sticky":false,"template":"","format":"standard","meta":{"footnotes":""},"categories":[479,17988,478],"tags":[17406,26872,39047,11549,22182],"class_list":["post-285479","post","type-post","status-publish","format-standard","has-post-thumbnail","","category-haberler-yerel","category-son-haberler","category-yerel","tag-filistin-davasi","tag-suriye-arap-ordusu","tag-suriye-ile-israil-arasinda-savas","tag-suriye-ordusu","tag-suriyede-savas"],"_links":{"self":[{"href":"https:\/\/archive.sana.sy\/tr\/index.php?rest_route=\/wp\/v2\/posts\/285479","targetHints":{"allow":["GET"]}}],"collection":[{"href":"https:\/\/archive.sana.sy\/tr\/index.php?rest_route=\/wp\/v2\/posts"}],"about":[{"href":"https:\/\/archive.sana.sy\/tr\/index.php?rest_route=\/wp\/v2\/types\/post"}],"author":[{"embeddable":true,"href":"https:\/\/archive.sana.sy\/tr\/index.php?rest_route=\/wp\/v2\/users\/41"}],"replies":[{"embeddable":true,"href":"https:\/\/archive.sana.sy\/tr\/index.php?rest_route=%2Fwp%2Fv2%2Fcomments&post=285479"}],"version-history":[{"count":1,"href":"https:\/\/archive.sana.sy\/tr\/index.php?rest_route=\/wp\/v2\/posts\/285479\/revisions"}],"predecessor-version":[{"id":285481,"href":"https:\/\/archive.sana.sy\/tr\/index.php?rest_route=\/wp\/v2\/posts\/285479\/revisions\/285481"}],"wp:featuredmedia":[{"embeddable":true,"href":"https:\/\/archive.sana.sy\/tr\/index.php?rest_route=\/wp\/v2\/media\/285480"}],"wp:attachment":[{"href":"https:\/\/archive.sana.sy\/tr\/index.php?rest_route=%2Fwp%2Fv2%2Fmedia&parent=285479"}],"wp:term":[{"taxonomy":"category","embeddable":true,"href":"https:\/\/archive.sana.sy\/tr\/index.php?rest_route=%2Fwp%2Fv2%2Fcategories&post=285479"},{"taxonomy":"post_tag","embeddable":true,"href":"https:\/\/archive.sana.sy\/tr\/index.php?rest_route=%2Fwp%2Fv2%2Ftags&post=285479"}],"curies":[{"name":"wp","href":"https:\/\/api.w.org\/{rel}","templated":true}]}}