{"id":28552,"date":"2015-04-04T20:52:21","date_gmt":"2015-04-04T17:52:21","guid":{"rendered":"http:\/\/www.sana.sy\/tr\/?p=28552"},"modified":"2015-04-04T20:52:21","modified_gmt":"2015-04-04T17:52:21","slug":"terorun-defedilmesi-icin-ulusal-birlik-ve-beraberlik-buyuk-onem-tasiyor","status":"publish","type":"post","link":"https:\/\/archive.sana.sy\/tr\/?p=28552","title":{"rendered":"Ter\u00f6r\u00fcn Defedilmesi \u0130\u00e7in Ulusal Birlik ve Beraberlik B\u00fcy\u00fck \u00d6nem Ta\u015f\u0131yor"},"content":{"rendered":"<p>HOMS \u2013 Homs Kentinde Vadi el Nadara b\u00f6lgesindeki Vadi \u00dcniversitesinde resmi ve dini temsilcilerin kat\u0131l\u0131m\u0131yla d\u00fczenlenen etkinlikte kat\u0131l\u0131mc\u0131lar; ter\u00f6r\u00fcn vatan topraklar\u0131ndan tamamen defedilmesi i\u00e7in ulusal birlik ve beraberli\u011fin b\u00fcy\u00fct\u00fclmesinin \u00f6nemini vurgulad\u0131lar.<\/p>\n<p><a href=\"http:\/\/www.sana.sy\/tr\/wp-content\/uploads\/2015\/04\/\u015eear.-3.jpg\"><img loading=\"lazy\" decoding=\"async\" class=\"alignright wp-image-28554 size-medium\" src=\"http:\/\/www.sana.sy\/tr\/wp-content\/uploads\/2015\/04\/\u015eear.-3-300x199.jpg\" alt=\"\u015eear. 3\" width=\"300\" height=\"199\" srcset=\"https:\/\/archive.sana.sy\/tr\/wp-content\/uploads\/2015\/04\/\u015eear.-3-300x199.jpg 300w, https:\/\/archive.sana.sy\/tr\/wp-content\/uploads\/2015\/04\/\u015eear.-3-150x100.jpg 150w, https:\/\/archive.sana.sy\/tr\/wp-content\/uploads\/2015\/04\/\u015eear.-3-1024x680.jpg 1024w\" sizes=\"auto, (max-width: 300px) 100vw, 300px\" \/><\/a>Etkinlikte bir konu\u015fma yapan \u0130\u00e7i\u015fleri Bakan\u0131 Muhammed \u0130brahim el \u015eear, \u00fclkenin b\u00fct\u00fcn b\u00f6lgelerinde g\u00fcvenlik ve istikrar\u0131n yeniden k\u00f6k salmas\u0131n\u0131n tek y\u00f6ntemin birlik ve beraberli\u011fi g\u00fc\u00e7lendirme oldu\u011funu ifade etti.<\/p>\n<p>Homs Vak\u0131flar M\u00fcd\u00fcr\u00fc \u0130sam el M\u0131sri, bu etkinli\u011fin Homs ilinde daha d\u00fczenlenen etkinliklerin devam\u0131 oldu\u011funu dile getirerek \u00f6n\u00fcm\u00fczdeki g\u00fcnlerde Telkelah kentinde de benzer bir etkinlik d\u00fczenlenece\u011fini beyan etti.<\/p>\n<p>F.B. &#8211; M.M.<\/p>\n","protected":false},"excerpt":{"rendered":"<p>HOMS \u2013 Homs Kentinde Vadi el Nadara b\u00f6lgesindeki Vadi \u00dcniversitesinde resmi ve dini temsilcilerin kat\u0131l\u0131m\u0131yla d\u00fczenlenen etkinlikte kat\u0131l\u0131mc\u0131lar; ter\u00f6r\u00fcn vatan topraklar\u0131ndan tamamen defedilmesi i\u00e7in ulusal birlik ve beraberli\u011fin b\u00fcy\u00fct\u00fclmesinin \u00f6nemini vurgulad\u0131lar. Etkinlikte bir konu\u015fma yapan \u0130\u00e7i\u015fleri Bakan\u0131 Muhammed \u0130brahim el \u015eear, \u00fclkenin b\u00fct\u00fcn b\u00f6lgelerinde g\u00fcvenlik ve istikrar\u0131n yeniden k\u00f6k salmas\u0131n\u0131n tek y\u00f6ntemin birlik ve beraberli\u011fi &hellip;<\/p>\n","protected":false},"author":1,"featured_media":28555,"comment_status":"closed","ping_status":"closed","sticky":false,"template":"","format":"standard","meta":{"footnotes":""},"categories":[479,478],"tags":[13263,13262],"class_list":["post-28552","post","type-post","status-publish","format-standard","has-post-thumbnail","","category-haberler-yerel","category-yerel","tag-homs-homs-kentinde-vadi-el-nadara-bolgesindeki-vadi-universitesinde-resmi-ve-dini-temsilcilerin-katilimiyla-duzenlenen-etkinlikte-katilimcilar-terorun-vatan-topraklarindan-tamamen-defedilme","tag-terorun-defedilmesi-icin-ulusal-birlik-ve-beraberlik-buyuk-onem-tasiyor"],"_links":{"self":[{"href":"https:\/\/archive.sana.sy\/tr\/index.php?rest_route=\/wp\/v2\/posts\/28552","targetHints":{"allow":["GET"]}}],"collection":[{"href":"https:\/\/archive.sana.sy\/tr\/index.php?rest_route=\/wp\/v2\/posts"}],"about":[{"href":"https:\/\/archive.sana.sy\/tr\/index.php?rest_route=\/wp\/v2\/types\/post"}],"author":[{"embeddable":true,"href":"https:\/\/archive.sana.sy\/tr\/index.php?rest_route=\/wp\/v2\/users\/1"}],"replies":[{"embeddable":true,"href":"https:\/\/archive.sana.sy\/tr\/index.php?rest_route=%2Fwp%2Fv2%2Fcomments&post=28552"}],"version-history":[{"count":0,"href":"https:\/\/archive.sana.sy\/tr\/index.php?rest_route=\/wp\/v2\/posts\/28552\/revisions"}],"wp:featuredmedia":[{"embeddable":true,"href":"https:\/\/archive.sana.sy\/tr\/index.php?rest_route=\/wp\/v2\/media\/28555"}],"wp:attachment":[{"href":"https:\/\/archive.sana.sy\/tr\/index.php?rest_route=%2Fwp%2Fv2%2Fmedia&parent=28552"}],"wp:term":[{"taxonomy":"category","embeddable":true,"href":"https:\/\/archive.sana.sy\/tr\/index.php?rest_route=%2Fwp%2Fv2%2Fcategories&post=28552"},{"taxonomy":"post_tag","embeddable":true,"href":"https:\/\/archive.sana.sy\/tr\/index.php?rest_route=%2Fwp%2Fv2%2Ftags&post=28552"}],"curies":[{"name":"wp","href":"https:\/\/api.w.org\/{rel}","templated":true}]}}