{"id":28565,"date":"2015-04-05T10:52:04","date_gmt":"2015-04-05T07:52:04","guid":{"rendered":"http:\/\/www.sana.sy\/tr\/?p=28565"},"modified":"2015-04-05T10:52:04","modified_gmt":"2015-04-05T07:52:04","slug":"suudi-arabistan-ve-muttefikleri-yemen-saldirisini-surduruyor","status":"publish","type":"post","link":"https:\/\/archive.sana.sy\/tr\/?p=28565","title":{"rendered":"Suudi Arabistan ve M\u00fcttefikleri Yemen Sald\u0131r\u0131s\u0131n\u0131 S\u00fcrd\u00fcr\u00fcyor"},"content":{"rendered":"<p>SANA \u2013 Suudi Arabistan ve m\u00fcttefikleri Yemen\u2019in farkl\u0131 b\u00f6lgelerini hava bombard\u0131man\u0131na tutarak \u00e7ok say\u0131da masum insan\u0131n can\u0131na kastetmeye ve binalar\u0131 y\u0131kmaya devam ediyor.<\/p>\n<p>Yemen\u2019de yetkili bir kaynak bombard\u0131man\u0131n bir\u00e7ok askeri noktayla birlikte sivil konut b\u00f6lgelerini, okullar\u0131 ve bir\u00e7ok hizmet binas\u0131n\u0131 hedef ald\u0131\u011f\u0131n\u0131 a\u00e7\u0131klad\u0131.<\/p>\n<p>Bombard\u0131man sonucunda \u00e7ok say\u0131da vatanda\u015f\u0131n hayat\u0131n\u0131 kaybetti\u011fine ve yaraland\u0131\u011f\u0131na dikkat \u00e7eken kaynak, ayr\u0131ca \u00e7ok say\u0131da binan\u0131n ve yerle\u015fim b\u00f6lgesinin kullan\u0131lmaz hale geldi\u011fini belirtti.<\/p>\n<p>Bilinece\u011fi \u00fczere ge\u00e7ti\u011fimiz g\u00fcnlerde Yemen\u2019deki insani duruma ili\u015fkin haz\u0131rlanan bir \u00f6n raporda Suudi Arabistan sald\u0131r\u0131lar\u0131 sonucunda 857 sivil vatanda\u015f\u0131n hayat\u0131n\u0131 kaybetti\u011fini ortaya koyarak hayat\u0131n\u0131 kaybedenler aras\u0131nda 160 \u00e7ocuk bulundu\u011fu ayr\u0131nt\u0131s\u0131na yer verdi.<\/p>\n<p>F.B &#8211; S.\u015e<\/p>\n","protected":false},"excerpt":{"rendered":"<p>SANA \u2013 Suudi Arabistan ve m\u00fcttefikleri Yemen\u2019in farkl\u0131 b\u00f6lgelerini hava bombard\u0131man\u0131na tutarak \u00e7ok say\u0131da masum insan\u0131n can\u0131na kastetmeye ve binalar\u0131 y\u0131kmaya devam ediyor. Yemen\u2019de yetkili bir kaynak bombard\u0131man\u0131n bir\u00e7ok askeri noktayla birlikte sivil konut b\u00f6lgelerini, okullar\u0131 ve bir\u00e7ok hizmet binas\u0131n\u0131 hedef ald\u0131\u011f\u0131n\u0131 a\u00e7\u0131klad\u0131. Bombard\u0131man sonucunda \u00e7ok say\u0131da vatanda\u015f\u0131n hayat\u0131n\u0131 kaybetti\u011fine ve yaraland\u0131\u011f\u0131na dikkat \u00e7eken kaynak, &hellip;<\/p>\n","protected":false},"author":1,"featured_media":27709,"comment_status":"closed","ping_status":"closed","sticky":false,"template":"","format":"standard","meta":{"footnotes":""},"categories":[458,459,447],"tags":[13267],"class_list":["post-28565","post","type-post","status-publish","format-standard","has-post-thumbnail","","category-dunya1","category-haberler-arap-uluslararasi-politika","category-politika","tag-suudi-arabistan-ve-muttefikleri-yemen-saldirisini-surduruyor"],"_links":{"self":[{"href":"https:\/\/archive.sana.sy\/tr\/index.php?rest_route=\/wp\/v2\/posts\/28565","targetHints":{"allow":["GET"]}}],"collection":[{"href":"https:\/\/archive.sana.sy\/tr\/index.php?rest_route=\/wp\/v2\/posts"}],"about":[{"href":"https:\/\/archive.sana.sy\/tr\/index.php?rest_route=\/wp\/v2\/types\/post"}],"author":[{"embeddable":true,"href":"https:\/\/archive.sana.sy\/tr\/index.php?rest_route=\/wp\/v2\/users\/1"}],"replies":[{"embeddable":true,"href":"https:\/\/archive.sana.sy\/tr\/index.php?rest_route=%2Fwp%2Fv2%2Fcomments&post=28565"}],"version-history":[{"count":0,"href":"https:\/\/archive.sana.sy\/tr\/index.php?rest_route=\/wp\/v2\/posts\/28565\/revisions"}],"wp:featuredmedia":[{"embeddable":true,"href":"https:\/\/archive.sana.sy\/tr\/index.php?rest_route=\/wp\/v2\/media\/27709"}],"wp:attachment":[{"href":"https:\/\/archive.sana.sy\/tr\/index.php?rest_route=%2Fwp%2Fv2%2Fmedia&parent=28565"}],"wp:term":[{"taxonomy":"category","embeddable":true,"href":"https:\/\/archive.sana.sy\/tr\/index.php?rest_route=%2Fwp%2Fv2%2Fcategories&post=28565"},{"taxonomy":"post_tag","embeddable":true,"href":"https:\/\/archive.sana.sy\/tr\/index.php?rest_route=%2Fwp%2Fv2%2Ftags&post=28565"}],"curies":[{"name":"wp","href":"https:\/\/api.w.org\/{rel}","templated":true}]}}