{"id":28569,"date":"2015-04-05T10:56:09","date_gmt":"2015-04-05T07:56:09","guid":{"rendered":"http:\/\/www.sana.sy\/tr\/?p=28569"},"modified":"2015-04-05T13:20:00","modified_gmt":"2015-04-05T10:20:00","slug":"suudi-saldirilari-yemende-buyuk-beseri-ve-maddi-hasara-yol-aciyor","status":"publish","type":"post","link":"https:\/\/archive.sana.sy\/tr\/?p=28569","title":{"rendered":"Suudi Sald\u0131r\u0131lar\u0131 Yemen\u2019de B\u00fcy\u00fck Be\u015feri ve Maddi Hasara Yol A\u00e7\u0131yor"},"content":{"rendered":"<p>SANA \u2013 Yemen\u2019de insani duruma ili\u015fkin haz\u0131rlanan bir rapor Suudi Arabistan sald\u0131r\u0131lar\u0131 sonucu 857 vatanda\u015f\u0131n ya\u015fam\u0131n\u0131 yitirdi\u011fini ortaya koyarak ya\u015fam\u0131n\u0131 yitirenler aras\u0131nda 160 \u00e7ocuk bulundu\u011funu belirtti.<\/p>\n<p>Yemen Resmi Haber Ajans\u0131, Hak ve H\u00fcrriyetleri Savunmak \u0130\u00e7in \u00d6zg\u00fcrl\u00fck Evi Kurumu taraf\u0131ndan haz\u0131rlanan raporun d\u00fcn Yemen\u2019in ba\u015fkenti Sana\u2019da d\u00fczenlenen bir bas\u0131n toplant\u0131s\u0131yla ilan edildi\u011fini aktard\u0131.<\/p>\n<p>Suudi sald\u0131r\u0131lar\u0131 sonucu ayr\u0131ca 1214 Yemenli vatanda\u015f\u0131n yaraland\u0131\u011f\u0131na i\u015faret edilen raporda yaral\u0131lar\u0131n aras\u0131nda da 186 \u00e7ocuk bulundu\u011fu ibraz edildi.<\/p>\n<p>Suudi sald\u0131r\u0131lar\u0131n\u0131n Yemen\u2019de sebep oldu\u011fu be\u015feri ve maddi hasara ili\u015fkin ayr\u0131nt\u0131l\u0131 bilgiye yer veren raporda \u00d6zg\u00fcrl\u00fck Evi Kurumu insanl\u0131k d\u0131\u015f\u0131 ve vah\u015fi olarak nitelendirdi\u011fi sald\u0131r\u0131lar\u0131 \u015fiddetle k\u0131nand\u0131.<\/p>\n<p>F.B &#8211; S.\u015e<\/p>\n","protected":false},"excerpt":{"rendered":"<p>SANA \u2013 Yemen\u2019de insani duruma ili\u015fkin haz\u0131rlanan bir rapor Suudi Arabistan sald\u0131r\u0131lar\u0131 sonucu 857 vatanda\u015f\u0131n ya\u015fam\u0131n\u0131 yitirdi\u011fini ortaya koyarak ya\u015fam\u0131n\u0131 yitirenler aras\u0131nda 160 \u00e7ocuk bulundu\u011funu belirtti. Yemen Resmi Haber Ajans\u0131, Hak ve H\u00fcrriyetleri Savunmak \u0130\u00e7in \u00d6zg\u00fcrl\u00fck Evi Kurumu taraf\u0131ndan haz\u0131rlanan raporun d\u00fcn Yemen\u2019in ba\u015fkenti Sana\u2019da d\u00fczenlenen bir bas\u0131n toplant\u0131s\u0131yla ilan edildi\u011fini aktard\u0131. Suudi sald\u0131r\u0131lar\u0131 sonucu &hellip;<\/p>\n","protected":false},"author":1,"featured_media":28657,"comment_status":"closed","ping_status":"closed","sticky":false,"template":"","format":"standard","meta":{"footnotes":""},"categories":[458,459,447],"tags":[13268],"class_list":["post-28569","post","type-post","status-publish","format-standard","has-post-thumbnail","","category-dunya1","category-haberler-arap-uluslararasi-politika","category-politika","tag-suudi-saldirilari-yemende-buyuk-beseri-ve-maddi-hasara-yol-aciyor"],"_links":{"self":[{"href":"https:\/\/archive.sana.sy\/tr\/index.php?rest_route=\/wp\/v2\/posts\/28569","targetHints":{"allow":["GET"]}}],"collection":[{"href":"https:\/\/archive.sana.sy\/tr\/index.php?rest_route=\/wp\/v2\/posts"}],"about":[{"href":"https:\/\/archive.sana.sy\/tr\/index.php?rest_route=\/wp\/v2\/types\/post"}],"author":[{"embeddable":true,"href":"https:\/\/archive.sana.sy\/tr\/index.php?rest_route=\/wp\/v2\/users\/1"}],"replies":[{"embeddable":true,"href":"https:\/\/archive.sana.sy\/tr\/index.php?rest_route=%2Fwp%2Fv2%2Fcomments&post=28569"}],"version-history":[{"count":0,"href":"https:\/\/archive.sana.sy\/tr\/index.php?rest_route=\/wp\/v2\/posts\/28569\/revisions"}],"wp:featuredmedia":[{"embeddable":true,"href":"https:\/\/archive.sana.sy\/tr\/index.php?rest_route=\/wp\/v2\/media\/28657"}],"wp:attachment":[{"href":"https:\/\/archive.sana.sy\/tr\/index.php?rest_route=%2Fwp%2Fv2%2Fmedia&parent=28569"}],"wp:term":[{"taxonomy":"category","embeddable":true,"href":"https:\/\/archive.sana.sy\/tr\/index.php?rest_route=%2Fwp%2Fv2%2Fcategories&post=28569"},{"taxonomy":"post_tag","embeddable":true,"href":"https:\/\/archive.sana.sy\/tr\/index.php?rest_route=%2Fwp%2Fv2%2Ftags&post=28569"}],"curies":[{"name":"wp","href":"https:\/\/api.w.org\/{rel}","templated":true}]}}