{"id":28571,"date":"2015-04-05T11:01:00","date_gmt":"2015-04-05T08:01:00","guid":{"rendered":"http:\/\/www.sana.sy\/tr\/?p=28571"},"modified":"2015-04-05T11:01:00","modified_gmt":"2015-04-05T08:01:00","slug":"suriye-hukumeti-ve-unrwa-insani-yardim-dagitimina-onem-veriyor","status":"publish","type":"post","link":"https:\/\/archive.sana.sy\/tr\/?p=28571","title":{"rendered":"Suriye H\u00fck\u00fcmeti ve UNRWA \u0130nsani Yard\u0131m Da\u011f\u0131t\u0131m\u0131na \u00d6nem Veriyor"},"content":{"rendered":"<p>\u015eAM \u2013 Filistinli M\u00fcleciler Kurumu BM\u2019ye, b\u00fct\u00fcn silahl\u0131 ter\u00f6r gruplar\u0131n\u0131 ve destek\u00e7ilerini Yerm\u00fck semtinden \u00e7ekilme i\u00e7in zorlamas\u0131 \u00e7a\u011fr\u0131s\u0131n\u0131 yineledi.<\/p>\n<p>UNRWA Temsilcisi Pierre Krenpol\u2019e bir mektup g\u00f6nderen Filistinli M\u00fclteciler Kurumu, Suriye h\u00fck\u00fcmetinin, Yerm\u00fck semti sakinlerinin selameti ve g\u00fcvenli\u011fi i\u00e7in UNRWA\u2019ya ba\u011fl\u0131 gruplarla i\u015fbirli\u011fini s\u00fcrd\u00fcrd\u00fc\u011f\u00fcne i\u015faret ederek silahl\u0131 ter\u00f6r gruplar\u0131n\u0131n insani yard\u0131m da\u011f\u0131t\u0131m noktalar\u0131n\u0131 havan ve roketlerle hedef almaya devam ettiklerini belirtti.<\/p>\n<p>Suriye h\u00fck\u00fcmeti ve UNRWA\u2019n\u0131n Yerm\u00fck semti sakinlerine insani yard\u0131m da\u011f\u0131tmaya b\u00fcy\u00fck \u00f6nem verdi\u011fine dikkat \u00e7ekilen mektupta, ter\u00f6r sald\u0131r\u0131lar\u0131 nedeniyle 4 g\u00fcnd\u00fcr yard\u0131m da\u011f\u0131t\u0131lamad\u0131\u011f\u0131 vurguland\u0131.<\/p>\n<p>Kurum, Yerm\u00fck semtinde ba\u015fta I\u015e\u0130D olmak \u00fczere silahl\u0131 ter\u00f6r gruplar\u0131 aras\u0131nda meydana gelen \u015fiddetli \u00e7at\u0131\u015fmalar sonucu semt sakinlerinin g\u0131da temini ve t\u0131bbi m\u00fcdahalelerine olanak tan\u0131mamas\u0131 nedeniyle ciddi bir insanl\u0131k krizi te\u015fkil etti\u011finin alt\u0131n\u0131 \u00e7izdi.<\/p>\n<p>F.B &#8211; S.\u015e<\/p>\n","protected":false},"excerpt":{"rendered":"<p>\u015eAM \u2013 Filistinli M\u00fcleciler Kurumu BM\u2019ye, b\u00fct\u00fcn silahl\u0131 ter\u00f6r gruplar\u0131n\u0131 ve destek\u00e7ilerini Yerm\u00fck semtinden \u00e7ekilme i\u00e7in zorlamas\u0131 \u00e7a\u011fr\u0131s\u0131n\u0131 yineledi. UNRWA Temsilcisi Pierre Krenpol\u2019e bir mektup g\u00f6nderen Filistinli M\u00fclteciler Kurumu, Suriye h\u00fck\u00fcmetinin, Yerm\u00fck semti sakinlerinin selameti ve g\u00fcvenli\u011fi i\u00e7in UNRWA\u2019ya ba\u011fl\u0131 gruplarla i\u015fbirli\u011fini s\u00fcrd\u00fcrd\u00fc\u011f\u00fcne i\u015faret ederek silahl\u0131 ter\u00f6r gruplar\u0131n\u0131n insani yard\u0131m da\u011f\u0131t\u0131m noktalar\u0131n\u0131 havan ve roketlerle &hellip;<\/p>\n","protected":false},"author":1,"featured_media":7499,"comment_status":"closed","ping_status":"closed","sticky":false,"template":"","format":"standard","meta":{"footnotes":""},"categories":[479,575,447,478],"tags":[13269],"class_list":["post-28571","post","type-post","status-publish","format-standard","has-post-thumbnail","","category-haberler-yerel","category-olaylar-ve-gercekler","category-politika","category-yerel","tag-suriye-hukumeti-ve-unrwa-insani-yardim-dagitimina-onem-veriyor"],"_links":{"self":[{"href":"https:\/\/archive.sana.sy\/tr\/index.php?rest_route=\/wp\/v2\/posts\/28571","targetHints":{"allow":["GET"]}}],"collection":[{"href":"https:\/\/archive.sana.sy\/tr\/index.php?rest_route=\/wp\/v2\/posts"}],"about":[{"href":"https:\/\/archive.sana.sy\/tr\/index.php?rest_route=\/wp\/v2\/types\/post"}],"author":[{"embeddable":true,"href":"https:\/\/archive.sana.sy\/tr\/index.php?rest_route=\/wp\/v2\/users\/1"}],"replies":[{"embeddable":true,"href":"https:\/\/archive.sana.sy\/tr\/index.php?rest_route=%2Fwp%2Fv2%2Fcomments&post=28571"}],"version-history":[{"count":0,"href":"https:\/\/archive.sana.sy\/tr\/index.php?rest_route=\/wp\/v2\/posts\/28571\/revisions"}],"wp:featuredmedia":[{"embeddable":true,"href":"https:\/\/archive.sana.sy\/tr\/index.php?rest_route=\/wp\/v2\/media\/7499"}],"wp:attachment":[{"href":"https:\/\/archive.sana.sy\/tr\/index.php?rest_route=%2Fwp%2Fv2%2Fmedia&parent=28571"}],"wp:term":[{"taxonomy":"category","embeddable":true,"href":"https:\/\/archive.sana.sy\/tr\/index.php?rest_route=%2Fwp%2Fv2%2Fcategories&post=28571"},{"taxonomy":"post_tag","embeddable":true,"href":"https:\/\/archive.sana.sy\/tr\/index.php?rest_route=%2Fwp%2Fv2%2Ftags&post=28571"}],"curies":[{"name":"wp","href":"https:\/\/api.w.org\/{rel}","templated":true}]}}