{"id":285773,"date":"2023-08-05T15:32:08","date_gmt":"2023-08-05T12:32:08","guid":{"rendered":"https:\/\/sana.sy\/tr\/?p=285773"},"modified":"2023-08-06T10:12:29","modified_gmt":"2023-08-06T07:12:29","slug":"amerikan-isgali-deyrezzor-kirsalinda-bir-indirme-operasyonu-sirasinda-bir-vatandasi-kacirdi","status":"publish","type":"post","link":"https:\/\/archive.sana.sy\/tr\/?p=285773","title":{"rendered":"Amerikan \u0130\u015fgali, Deyrezzor K\u0131rsal\u0131nda Bir \u0130ndirme Operasyonu S\u0131ras\u0131nda Bir Vatanda\u015f\u0131 Ka\u00e7\u0131rd\u0131"},"content":{"rendered":"<p><strong>DEYREZZOR 05 A\u011fustos (SANA)<\/strong> &#8211; Amerikan i\u015fgal g\u00fc\u00e7leri, bug\u00fcn \u015fafak vakti kendisine ba\u011fl\u0131 \u201cSDG\u201d milislerinin de kat\u0131l\u0131m\u0131yla Deyrizor&#8217;un kuzey k\u0131rsal\u0131ndaki Daman kasabas\u0131na d\u00fczenledi\u011fi havadan indirme operasyonunda bir vatanda\u015f\u0131 ka\u00e7\u0131rd\u0131.<\/p>\n<p>Yerel kaynaklar SANA&#8217;ya verdi\u011fi deme\u00e7te, Amerikan i\u015fgal u\u00e7aklar\u0131, bug\u00fcn kuzey k\u0131rsal\u0131ndaki Daman kasabas\u0131na \u201cSDG\u201d milislerine ba\u011fl\u0131 militanlar\u0131n da kat\u0131l\u0131m\u0131yla indirme operasyonu d\u00fczenledi ve halk\u0131n evlerine a\u011f\u0131r ve geli\u015fig\u00fczel kur\u015funlar ya\u011fd\u0131rd\u0131\u011f\u0131n\u0131 ve K\u00f6y\u00fc \u00e7evreleyen baz\u0131 \u00e7iftliklere ve yollara kadar uzand\u0131\u011f\u0131n\u0131 belirtti.<\/p>\n<p>Kaynaklar ayr\u0131ca, i\u015fgal g\u00fc\u00e7leri ve milislerin kasabay\u0131 kordon alt\u0131na ald\u0131\u011f\u0131n\u0131, \u00e7ok say\u0131da eve bask\u0131n d\u00fczenledi\u011fini, bir vatanda\u015f\u0131 ka\u00e7\u0131rarak \u00e7evredeki i\u015fgal \u00fcslerine g\u00f6t\u00fcrd\u00fc\u011f\u00fcn\u00fc ve \u00a0kasaban\u0131n ana yolu boyunca bir dizi milis konu\u015fland\u0131r\u0131ld\u0131\u011f\u0131n\u0131 kaydetti.<\/p>\n<p><a href=\"https:\/\/t.me\/SuriyeArapHaberAjansI\">Telegram Kanal\u0131m\u0131z\u00a0<\/a><\/p>\n<p><a href=\"https:\/\/www.facebook.com\/SANAHaberAjansi\/\">Facebook Sayfam\u0131z<\/a><\/p>\n<p><a href=\"https:\/\/twitter.com\/arap_ajans\">Twitter Hesab\u0131m\u0131z<\/a><\/p>\n","protected":false},"excerpt":{"rendered":"<p>DEYREZZOR 05 A\u011fustos (SANA) &#8211; Amerikan i\u015fgal g\u00fc\u00e7leri, bug\u00fcn \u015fafak vakti kendisine ba\u011fl\u0131 \u201cSDG\u201d milislerinin de kat\u0131l\u0131m\u0131yla Deyrizor&#8217;un kuzey k\u0131rsal\u0131ndaki Daman kasabas\u0131na d\u00fczenledi\u011fi havadan indirme operasyonunda bir vatanda\u015f\u0131 ka\u00e7\u0131rd\u0131. Yerel kaynaklar SANA&#8217;ya verdi\u011fi deme\u00e7te, Amerikan i\u015fgal u\u00e7aklar\u0131, bug\u00fcn kuzey k\u0131rsal\u0131ndaki Daman kasabas\u0131na \u201cSDG\u201d milislerine ba\u011fl\u0131 militanlar\u0131n da kat\u0131l\u0131m\u0131yla indirme operasyonu d\u00fczenledi ve halk\u0131n evlerine a\u011f\u0131r &hellip;<\/p>\n","protected":false},"author":41,"featured_media":285774,"comment_status":"closed","ping_status":"closed","sticky":false,"template":"","format":"standard","meta":{"footnotes":""},"categories":[479,17988,478],"tags":[38605,39077,31665,39080,39078,39079],"class_list":["post-285773","post","type-post","status-publish","format-standard","has-post-thumbnail","","category-haberler-yerel","category-son-haberler","category-yerel","tag-amerikan-isgali","tag-deyrezzor-kirsalinda-bir-indirme-operasyonu-sirasinda-bir-vatandasi-kacirdi","tag-sdg","tag-suriye-demokratik-gucleri","tag-suriyede-konuslanan-teror-orgutleri","tag-suriyedeki-konuslanan-sdg-milisleri"],"_links":{"self":[{"href":"https:\/\/archive.sana.sy\/tr\/index.php?rest_route=\/wp\/v2\/posts\/285773","targetHints":{"allow":["GET"]}}],"collection":[{"href":"https:\/\/archive.sana.sy\/tr\/index.php?rest_route=\/wp\/v2\/posts"}],"about":[{"href":"https:\/\/archive.sana.sy\/tr\/index.php?rest_route=\/wp\/v2\/types\/post"}],"author":[{"embeddable":true,"href":"https:\/\/archive.sana.sy\/tr\/index.php?rest_route=\/wp\/v2\/users\/41"}],"replies":[{"embeddable":true,"href":"https:\/\/archive.sana.sy\/tr\/index.php?rest_route=%2Fwp%2Fv2%2Fcomments&post=285773"}],"version-history":[{"count":2,"href":"https:\/\/archive.sana.sy\/tr\/index.php?rest_route=\/wp\/v2\/posts\/285773\/revisions"}],"predecessor-version":[{"id":285824,"href":"https:\/\/archive.sana.sy\/tr\/index.php?rest_route=\/wp\/v2\/posts\/285773\/revisions\/285824"}],"wp:featuredmedia":[{"embeddable":true,"href":"https:\/\/archive.sana.sy\/tr\/index.php?rest_route=\/wp\/v2\/media\/285774"}],"wp:attachment":[{"href":"https:\/\/archive.sana.sy\/tr\/index.php?rest_route=%2Fwp%2Fv2%2Fmedia&parent=285773"}],"wp:term":[{"taxonomy":"category","embeddable":true,"href":"https:\/\/archive.sana.sy\/tr\/index.php?rest_route=%2Fwp%2Fv2%2Fcategories&post=285773"},{"taxonomy":"post_tag","embeddable":true,"href":"https:\/\/archive.sana.sy\/tr\/index.php?rest_route=%2Fwp%2Fv2%2Ftags&post=285773"}],"curies":[{"name":"wp","href":"https:\/\/api.w.org\/{rel}","templated":true}]}}