{"id":285902,"date":"2023-08-07T14:00:34","date_gmt":"2023-08-07T11:00:34","guid":{"rendered":"https:\/\/sana.sy\/tr\/?p=285902"},"modified":"2023-08-08T14:13:25","modified_gmt":"2023-08-08T11:13:25","slug":"mekdad-arap-tarimsal-kalkinma-orgutu-genel-muduru-ile-gorustu","status":"publish","type":"post","link":"https:\/\/archive.sana.sy\/tr\/?p=285902","title":{"rendered":"Mikdad, Arap Tar\u0131msal Kalk\u0131nma \u00d6rg\u00fct\u00fc Genel M\u00fcd\u00fcr\u00fc \u0130le G\u00f6r\u00fc\u015ft\u00fc"},"content":{"rendered":"<p style=\"text-align: justify;\"><strong>\u015eAM 07 Agustos (SANA) \u2013 <\/strong>D\u0131\u015fi\u015fleri ve Gurbet\u00e7iler Bakan\u0131 Faysal Mikdad bug\u00fcn Arap Tar\u0131msal Kalk\u0131nma \u00d6rg\u00fct\u00fc Genel M\u00fcd\u00fcr\u00fc\u00a0 \u0130brahim Dahiri ve beraberindeki heyet ile bir araya geldi.<\/p>\n<p style=\"text-align: justify;\">Bakan Mikdad, Suriye ile Arap Tar\u0131msal Kalk\u0131nma \u00d6rg\u00fct\u00fc aras\u0131nda tar\u0131m alan\u0131nda i\u015fbirli\u011finin etkinle\u015ftirilmesinin ve tar\u0131msal ger\u00e7ekli\u011fin geli\u015ftirilmesi ve tar\u0131m sekt\u00f6r\u00fcn\u00fcn performans seviyesinin y\u00fckseltilmesi i\u00e7in eylem planlar\u0131n\u0131n belirlenmesinin \u00f6nemini vurgulayarak, devlet kurumlar\u0131 ile uzmanla\u015fm\u0131\u015f Arap tar\u0131m \u00f6rg\u00fctleri aras\u0131nda entegrasyon ihtiyac\u0131n\u0131n alt\u0131n\u0131 \u00e7izdi.<\/p>\n<p style=\"text-align: justify;\">Bakan Mikdad ayr\u0131ca, Bat\u0131l\u0131 \u00fclkeler ve Amerika Birle\u015fik Devletleri&#8217;nin Suriye&#8217;ye ve baz\u0131 Arap ve geli\u015fmekte olan \u00fclkelere uygulad\u0131\u011f\u0131 yapt\u0131r\u0131mlar\u0131n feci etkilerine de\u011findi.<\/p>\n<p style=\"text-align: justify;\">Buna kar\u015f\u0131l\u0131k Dahiri, \u00f6rg\u00fct\u00fcn tar\u0131m ve g\u0131da sistemlerine odaklanarak, tar\u0131msal kaynaklar\u0131 koruyarak ve ortak Arap eylemini geli\u015ftirmek i\u00e7in \u00f6rg\u00fct ile \u00fcye devletler aras\u0131nda \u00e7al\u0131\u015fmay\u0131 sa\u011flayarak 2020-2030 tar\u0131msal kalk\u0131nma stratejisi kapsam\u0131nda \u00e7al\u0131\u015ft\u0131\u011f\u0131n\u0131 vurgulad\u0131.<\/p>\n<p style=\"text-align: justify;\">Dahiri ayr\u0131ca, \u00f6rg\u00fct\u00fcn Suriye&#8217;deki Tar\u0131m ve Tar\u0131m Reformu Bakanl\u0131\u011f\u0131&#8217;n\u0131n entegre \u00e7evre stokunu korumaya y\u00f6nelik \u00e7abalar\u0131n\u0131 destekleyece\u011fine dikkat \u00e7ekti.<\/p>\n<div id='gallery-1' class='gallery galleryid-285902 gallery-columns-1 gallery-size-full'><figure class='gallery-item'>\n\t\t\t<div class='gallery-icon landscape'>\n\t\t\t\t<a href='https:\/\/archive.sana.sy\/tr\/wp-content\/uploads\/2023\/08\/photo_2023-08-07_12-02-44-1-scaled.jpg'><img loading=\"lazy\" decoding=\"async\" width=\"2560\" height=\"1674\" src=\"https:\/\/archive.sana.sy\/tr\/wp-content\/uploads\/2023\/08\/photo_2023-08-07_12-02-44-1-scaled.jpg\" class=\"attachment-full size-full\" alt=\"\" srcset=\"https:\/\/archive.sana.sy\/tr\/wp-content\/uploads\/2023\/08\/photo_2023-08-07_12-02-44-1-scaled.jpg 2560w, https:\/\/archive.sana.sy\/tr\/wp-content\/uploads\/2023\/08\/photo_2023-08-07_12-02-44-1-300x196.jpg 300w, https:\/\/archive.sana.sy\/tr\/wp-content\/uploads\/2023\/08\/photo_2023-08-07_12-02-44-1-1024x670.jpg 1024w, https:\/\/archive.sana.sy\/tr\/wp-content\/uploads\/2023\/08\/photo_2023-08-07_12-02-44-1-768x502.jpg 768w, https:\/\/archive.sana.sy\/tr\/wp-content\/uploads\/2023\/08\/photo_2023-08-07_12-02-44-1-1536x1004.jpg 1536w, https:\/\/archive.sana.sy\/tr\/wp-content\/uploads\/2023\/08\/photo_2023-08-07_12-02-44-1-2048x1339.jpg 2048w\" sizes=\"auto, (max-width: 2560px) 100vw, 2560px\" \/><\/a>\n\t\t\t<\/div><\/figure>\n\t\t<\/div>\n\n<p style=\"text-align: justify;\"><a href=\"https:\/\/t.me\/SuriyeArapHaberAjansI\">Telegram Kanal\u0131m\u0131z\u00a0<\/a><\/p>\n<p style=\"text-align: justify;\"><a href=\"https:\/\/www.facebook.com\/SANAHaberAjansi\/\">Facebook Sayfam\u0131z<\/a><\/p>\n<p style=\"text-align: justify;\"><a href=\"https:\/\/twitter.com\/arap_ajans\">Twitter Hesab\u0131m\u0131z<\/a><\/p>\n","protected":false},"excerpt":{"rendered":"<p>\u015eAM 07 Agustos (SANA) \u2013 D\u0131\u015fi\u015fleri ve Gurbet\u00e7iler Bakan\u0131 Faysal Mikdad bug\u00fcn Arap Tar\u0131msal Kalk\u0131nma \u00d6rg\u00fct\u00fc Genel M\u00fcd\u00fcr\u00fc\u00a0 \u0130brahim Dahiri ve beraberindeki heyet ile bir araya geldi. Bakan Mikdad, Suriye ile Arap Tar\u0131msal Kalk\u0131nma \u00d6rg\u00fct\u00fc aras\u0131nda tar\u0131m alan\u0131nda i\u015fbirli\u011finin etkinle\u015ftirilmesinin ve tar\u0131msal ger\u00e7ekli\u011fin geli\u015ftirilmesi ve tar\u0131m sekt\u00f6r\u00fcn\u00fcn performans seviyesinin y\u00fckseltilmesi i\u00e7in eylem planlar\u0131n\u0131n belirlenmesinin \u00f6nemini &hellip;<\/p>\n","protected":false},"author":39,"featured_media":285911,"comment_status":"closed","ping_status":"closed","sticky":false,"template":"","format":"standard","meta":{"footnotes":""},"categories":[479,17988,478],"tags":[38380,19043,38641],"class_list":["post-285902","post","type-post","status-publish","format-standard","has-post-thumbnail","","category-haberler-yerel","category-son-haberler","category-yerel","tag-suriyede-ne-oluyor","tag-suriyede-son-durum","tag-suriyede-son-gelimeler"],"_links":{"self":[{"href":"https:\/\/archive.sana.sy\/tr\/index.php?rest_route=\/wp\/v2\/posts\/285902","targetHints":{"allow":["GET"]}}],"collection":[{"href":"https:\/\/archive.sana.sy\/tr\/index.php?rest_route=\/wp\/v2\/posts"}],"about":[{"href":"https:\/\/archive.sana.sy\/tr\/index.php?rest_route=\/wp\/v2\/types\/post"}],"author":[{"embeddable":true,"href":"https:\/\/archive.sana.sy\/tr\/index.php?rest_route=\/wp\/v2\/users\/39"}],"replies":[{"embeddable":true,"href":"https:\/\/archive.sana.sy\/tr\/index.php?rest_route=%2Fwp%2Fv2%2Fcomments&post=285902"}],"version-history":[{"count":9,"href":"https:\/\/archive.sana.sy\/tr\/index.php?rest_route=\/wp\/v2\/posts\/285902\/revisions"}],"predecessor-version":[{"id":285938,"href":"https:\/\/archive.sana.sy\/tr\/index.php?rest_route=\/wp\/v2\/posts\/285902\/revisions\/285938"}],"wp:featuredmedia":[{"embeddable":true,"href":"https:\/\/archive.sana.sy\/tr\/index.php?rest_route=\/wp\/v2\/media\/285911"}],"wp:attachment":[{"href":"https:\/\/archive.sana.sy\/tr\/index.php?rest_route=%2Fwp%2Fv2%2Fmedia&parent=285902"}],"wp:term":[{"taxonomy":"category","embeddable":true,"href":"https:\/\/archive.sana.sy\/tr\/index.php?rest_route=%2Fwp%2Fv2%2Fcategories&post=285902"},{"taxonomy":"post_tag","embeddable":true,"href":"https:\/\/archive.sana.sy\/tr\/index.php?rest_route=%2Fwp%2Fv2%2Ftags&post=285902"}],"curies":[{"name":"wp","href":"https:\/\/api.w.org\/{rel}","templated":true}]}}