{"id":286046,"date":"2023-08-09T16:07:00","date_gmt":"2023-08-09T13:07:00","guid":{"rendered":"https:\/\/sana.sy\/tr\/?p=286046"},"modified":"2023-08-11T13:47:05","modified_gmt":"2023-08-11T10:47:05","slug":"cumhurbaskani-esadin-onunde-mardini-egitim-bakani-olarak-yemin-etti","status":"publish","type":"post","link":"https:\/\/archive.sana.sy\/tr\/?p=286046","title":{"rendered":"Cumhurba\u015fkan\u0131 Esad&#8217;\u0131n \u00d6n\u00fcnde.. Mardini E\u011fitim Bakan\u0131 Olarak Yemin Etti"},"content":{"rendered":"<p style=\"text-align: justify;\"><strong>\u015eAM 09 A\u011fustos (SANA)<\/strong> &#8211; Dr. Muhammed Amer Mardini bug\u00fcn Cumhurba\u015fkan\u0131 Be\u015f\u015far Esad&#8217;\u0131n \u00f6n\u00fcnde E\u011fitim Bakan\u0131 olarak yemin etti.<\/p>\n<p style=\"text-align: justify;\">Yemin t\u00f6renine Ba\u015fbakan H\u00fcseyin Arnus kat\u0131ld\u0131.<\/p>\n<p style=\"text-align: justify;\">Cumhurba\u015fkan\u0131 Esad, Bakan Mardini&#8217;ye direktiflerini ileterek, kendisine g\u00f6revlerinde ba\u015far\u0131lar ve sorumluluklar\u0131n\u0131 yerine getirmesi temennisinde bulundu.<\/p>\n<p style=\"text-align: justify;\"><a href=\"https:\/\/t.me\/SuriyeArapHaberAjansI\">Telegram Kanal\u0131m\u0131z\u00a0<\/a><\/p>\n<p style=\"text-align: justify;\"><a href=\"https:\/\/www.facebook.com\/SANAHaberAjansi\/\">Facebook Sayfam\u0131z<\/a><\/p>\n<p style=\"text-align: justify;\"><a href=\"https:\/\/twitter.com\/arap_ajans\">Twitter Hesab\u0131m\u0131z<\/a><\/p>\n<p style=\"text-align: justify;\">\n","protected":false},"excerpt":{"rendered":"<p>\u015eAM 09 A\u011fustos (SANA) &#8211; Dr. Muhammed Amer Mardini bug\u00fcn Cumhurba\u015fkan\u0131 Be\u015f\u015far Esad&#8217;\u0131n \u00f6n\u00fcnde E\u011fitim Bakan\u0131 olarak yemin etti. Yemin t\u00f6renine Ba\u015fbakan H\u00fcseyin Arnus kat\u0131ld\u0131. Cumhurba\u015fkan\u0131 Esad, Bakan Mardini&#8217;ye direktiflerini ileterek, kendisine g\u00f6revlerinde ba\u015far\u0131lar ve sorumluluklar\u0131n\u0131 yerine getirmesi temennisinde bulundu. Telegram Kanal\u0131m\u0131z\u00a0 Facebook Sayfam\u0131z Twitter Hesab\u0131m\u0131z<\/p>\n","protected":false},"author":41,"featured_media":286047,"comment_status":"closed","ping_status":"closed","sticky":false,"template":"","format":"standard","meta":{"footnotes":""},"categories":[606,605,17988],"tags":[39164],"class_list":["post-286046","post","type-post","status-publish","format-standard","has-post-thumbnail","","category-cumhurbaskani","category-sayin-cumhurbaskani","category-son-haberler","tag-cumhurbaskani-esadin-onunde-mardini-egitim-bakani-olarak-yemin-etti"],"_links":{"self":[{"href":"https:\/\/archive.sana.sy\/tr\/index.php?rest_route=\/wp\/v2\/posts\/286046","targetHints":{"allow":["GET"]}}],"collection":[{"href":"https:\/\/archive.sana.sy\/tr\/index.php?rest_route=\/wp\/v2\/posts"}],"about":[{"href":"https:\/\/archive.sana.sy\/tr\/index.php?rest_route=\/wp\/v2\/types\/post"}],"author":[{"embeddable":true,"href":"https:\/\/archive.sana.sy\/tr\/index.php?rest_route=\/wp\/v2\/users\/41"}],"replies":[{"embeddable":true,"href":"https:\/\/archive.sana.sy\/tr\/index.php?rest_route=%2Fwp%2Fv2%2Fcomments&post=286046"}],"version-history":[{"count":1,"href":"https:\/\/archive.sana.sy\/tr\/index.php?rest_route=\/wp\/v2\/posts\/286046\/revisions"}],"predecessor-version":[{"id":286048,"href":"https:\/\/archive.sana.sy\/tr\/index.php?rest_route=\/wp\/v2\/posts\/286046\/revisions\/286048"}],"wp:featuredmedia":[{"embeddable":true,"href":"https:\/\/archive.sana.sy\/tr\/index.php?rest_route=\/wp\/v2\/media\/286047"}],"wp:attachment":[{"href":"https:\/\/archive.sana.sy\/tr\/index.php?rest_route=%2Fwp%2Fv2%2Fmedia&parent=286046"}],"wp:term":[{"taxonomy":"category","embeddable":true,"href":"https:\/\/archive.sana.sy\/tr\/index.php?rest_route=%2Fwp%2Fv2%2Fcategories&post=286046"},{"taxonomy":"post_tag","embeddable":true,"href":"https:\/\/archive.sana.sy\/tr\/index.php?rest_route=%2Fwp%2Fv2%2Ftags&post=286046"}],"curies":[{"name":"wp","href":"https:\/\/api.w.org\/{rel}","templated":true}]}}