{"id":286049,"date":"2023-08-09T16:35:31","date_gmt":"2023-08-09T13:35:31","guid":{"rendered":"https:\/\/sana.sy\/tr\/?p=286049"},"modified":"2023-08-11T08:46:25","modified_gmt":"2023-08-11T05:46:25","slug":"gazeteciler-sendikasi-sama-tv-kanali-ekibinin-derada-patlayici-cihazla-hedef-alinmasini-kinadi","status":"publish","type":"post","link":"https:\/\/archive.sana.sy\/tr\/?p=286049","title":{"rendered":"Gazeteciler Sendikas\u0131, Sama TV Kanal\u0131 Ekibinin Dera\u2019da Patlay\u0131c\u0131 Cihazla Hedef Al\u0131nmas\u0131n\u0131 K\u0131nad\u0131"},"content":{"rendered":"<p style=\"text-align: justify;\"><strong>\u015eAM 09 S\u011fustos (SANA)<\/strong> &#8211; Gazeteciler Sendikas\u0131, Dera Valili\u011fi&#8217;ndeki saha muhabiri Firas El Ahmed&#8217;\u2019n Sama uydu kanal\u0131 medya ekibine patlay\u0131c\u0131 madde ile hedef al\u0131narak \u015fehit olmas\u0131na yol a\u00e7an ter\u00f6r sald\u0131r\u0131s\u0131n\u0131 k\u0131nad\u0131.<\/p>\n<p style=\"text-align: justify;\">Sendika, SANA&#8217;ya bir n\u00fcshas\u0131 ula\u015fan a\u00e7\u0131klamada, Suriye medyas\u0131n\u0131n ve Suriyeli gazetecilerin vatani g\u00f6revlerini yerine getirmeleri, yalan ve yanl\u0131\u015f bilgileri if\u015fa etmeleri sonucunda ter\u00f6r \u00f6rg\u00fctlerinin ve onlara destek veren \u00fclkelerin hedefi haline geldi\u011fini belirtti.<\/p>\n<p style=\"text-align: justify;\">Sendika ayr\u0131ca, Suriyeli gazetecilerin vatan\u0131n ve vatanda\u015f\u0131n g\u00fcvenli\u011fini tehdit eden her \u015feye ne pahas\u0131na olursa olsun g\u00f6\u011f\u00fcs germeye devam ederek g\u00f6revlerini yerine getirirken ulusal ve profesyonel rollerinden vazge\u00e7meyeceklerini vurgulayarak, Arap, b\u00f6lgesel ve uluslararas\u0131 federasyonlar\u0131, sendikalar\u0131 ve bas\u0131n derneklerini bu ter\u00f6r eylemini k\u0131namaya ve su\u00e7lular\u0131n ve destek\u00e7ilerinin cezas\u0131z kalmamas\u0131n\u0131 sa\u011flamaya \u00e7a\u011f\u0131r\u0131yoruz.<\/p>\n<p><a href=\"https:\/\/t.me\/SuriyeArapHaberAjansI\">Telegram Kanal\u0131m\u0131z\u00a0<\/a><\/p>\n<p><a href=\"https:\/\/www.facebook.com\/SANAHaberAjansi\/\">Facebook Sayfam\u0131z<\/a><\/p>\n<p><a href=\"https:\/\/twitter.com\/arap_ajans\">Twitter Hesab\u0131m\u0131z<\/a><\/p>\n","protected":false},"excerpt":{"rendered":"<p>\u015eAM 09 S\u011fustos (SANA) &#8211; Gazeteciler Sendikas\u0131, Dera Valili\u011fi&#8217;ndeki saha muhabiri Firas El Ahmed&#8217;\u2019n Sama uydu kanal\u0131 medya ekibine patlay\u0131c\u0131 madde ile hedef al\u0131narak \u015fehit olmas\u0131na yol a\u00e7an ter\u00f6r sald\u0131r\u0131s\u0131n\u0131 k\u0131nad\u0131. Sendika, SANA&#8217;ya bir n\u00fcshas\u0131 ula\u015fan a\u00e7\u0131klamada, Suriye medyas\u0131n\u0131n ve Suriyeli gazetecilerin vatani g\u00f6revlerini yerine getirmeleri, yalan ve yanl\u0131\u015f bilgileri if\u015fa etmeleri sonucunda ter\u00f6r \u00f6rg\u00fctlerinin &hellip;<\/p>\n","protected":false},"author":41,"featured_media":286050,"comment_status":"closed","ping_status":"closed","sticky":false,"template":"","format":"standard","meta":{"footnotes":""},"categories":[479,17988,478],"tags":[39165,39166,19174,39167,22182,26088],"class_list":["post-286049","post","type-post","status-publish","format-standard","has-post-thumbnail","","category-haberler-yerel","category-son-haberler","category-yerel","tag-gazeteciler-sendikasi","tag-sama-tv-kanali-ekibinin-derada-patlayici-cihazla-hedef-alinmasini-kinadi","tag-suriyede-son-durumlar","tag-suriyenin-dera-ili","tag-suriyede-savas","tag-suriyede-teror"],"_links":{"self":[{"href":"https:\/\/archive.sana.sy\/tr\/index.php?rest_route=\/wp\/v2\/posts\/286049","targetHints":{"allow":["GET"]}}],"collection":[{"href":"https:\/\/archive.sana.sy\/tr\/index.php?rest_route=\/wp\/v2\/posts"}],"about":[{"href":"https:\/\/archive.sana.sy\/tr\/index.php?rest_route=\/wp\/v2\/types\/post"}],"author":[{"embeddable":true,"href":"https:\/\/archive.sana.sy\/tr\/index.php?rest_route=\/wp\/v2\/users\/41"}],"replies":[{"embeddable":true,"href":"https:\/\/archive.sana.sy\/tr\/index.php?rest_route=%2Fwp%2Fv2%2Fcomments&post=286049"}],"version-history":[{"count":1,"href":"https:\/\/archive.sana.sy\/tr\/index.php?rest_route=\/wp\/v2\/posts\/286049\/revisions"}],"predecessor-version":[{"id":286051,"href":"https:\/\/archive.sana.sy\/tr\/index.php?rest_route=\/wp\/v2\/posts\/286049\/revisions\/286051"}],"wp:featuredmedia":[{"embeddable":true,"href":"https:\/\/archive.sana.sy\/tr\/index.php?rest_route=\/wp\/v2\/media\/286050"}],"wp:attachment":[{"href":"https:\/\/archive.sana.sy\/tr\/index.php?rest_route=%2Fwp%2Fv2%2Fmedia&parent=286049"}],"wp:term":[{"taxonomy":"category","embeddable":true,"href":"https:\/\/archive.sana.sy\/tr\/index.php?rest_route=%2Fwp%2Fv2%2Fcategories&post=286049"},{"taxonomy":"post_tag","embeddable":true,"href":"https:\/\/archive.sana.sy\/tr\/index.php?rest_route=%2Fwp%2Fv2%2Ftags&post=286049"}],"curies":[{"name":"wp","href":"https:\/\/api.w.org\/{rel}","templated":true}]}}