{"id":286054,"date":"2023-08-09T16:49:39","date_gmt":"2023-08-09T13:49:39","guid":{"rendered":"https:\/\/sana.sy\/tr\/?p=286054"},"modified":"2023-08-11T08:46:38","modified_gmt":"2023-08-11T05:46:38","slug":"suveyda-colunde-teror-kalintilarindan-mayin-patlamasi-sonucu-bir-vatandas-sehit-dustu","status":"publish","type":"post","link":"https:\/\/archive.sana.sy\/tr\/?p=286054","title":{"rendered":"S\u00fcveyda \u00c7\u00f6l\u00fcnde Ter\u00f6r Kal\u0131nt\u0131lar\u0131ndan May\u0131n Patlamas\u0131 Sonucu Bir Vatanda\u015f \u015eehit D\u00fc\u015ft\u00fc"},"content":{"rendered":"<p style=\"text-align: justify;\"><strong>S\u00dcVEYDA 09 A\u011fustos (SANA) <\/strong>&#8211; Kuzeydo\u011fudaki S\u00fcveyda vilayetinin kuzeydo\u011fusundaki Tel El Asfar&#8217;\u0131n do\u011fusunda bug\u00fcn ter\u00f6r\u00fcn geride b\u0131rakt\u0131\u011f\u0131 may\u0131n\u0131n patlamas\u0131 sonucu bir vatanda\u015f \u015fehit d\u00fc\u015ft\u00fc.<\/p>\n<p style=\"text-align: justify;\">S\u00fcveyde Valili\u011fi Polis Komutanl\u0131\u011f\u0131ndan bir kaynak, SANA muhabirine, \u2018vilayetinin\u2019Kuzeydo\u011fu \u00e7\u00f6l\u00fcnde yer alan Tel El Asfar b\u00f6lgesinde, \u00e7ak\u0131l kuyusunun kuzeyine su ta\u015f\u0131rken, ter\u00f6ristlerin otomobilinde geride b\u0131rakt\u0131klar\u0131 may\u0131n\u0131n patlamas\u0131 sonucu b\u00f6lge sakinlerinden biri \u015fehit d\u00fc\u015ft\u00fc.\u2019\u2019 dedi.<\/p>\n<p style=\"text-align: justify;\"><a href=\"https:\/\/t.me\/SuriyeArapHaberAjansI\">Telegram Kanal\u0131m\u0131z\u00a0<\/a><\/p>\n<p style=\"text-align: justify;\"><a href=\"https:\/\/www.facebook.com\/SANAHaberAjansi\/\">Facebook Sayfam\u0131z<\/a><\/p>\n<p style=\"text-align: justify;\"><a href=\"https:\/\/twitter.com\/arap_ajans\">Twitter Hesab\u0131m\u0131z<\/a><\/p>\n","protected":false},"excerpt":{"rendered":"<p>S\u00dcVEYDA 09 A\u011fustos (SANA) &#8211; Kuzeydo\u011fudaki S\u00fcveyda vilayetinin kuzeydo\u011fusundaki Tel El Asfar&#8217;\u0131n do\u011fusunda bug\u00fcn ter\u00f6r\u00fcn geride b\u0131rakt\u0131\u011f\u0131 may\u0131n\u0131n patlamas\u0131 sonucu bir vatanda\u015f \u015fehit d\u00fc\u015ft\u00fc. S\u00fcveyde Valili\u011fi Polis Komutanl\u0131\u011f\u0131ndan bir kaynak, SANA muhabirine, \u2018vilayetinin\u2019Kuzeydo\u011fu \u00e7\u00f6l\u00fcnde yer alan Tel El Asfar b\u00f6lgesinde, \u00e7ak\u0131l kuyusunun kuzeyine su ta\u015f\u0131rken, ter\u00f6ristlerin otomobilinde geride b\u0131rakt\u0131klar\u0131 may\u0131n\u0131n patlamas\u0131 sonucu b\u00f6lge sakinlerinden biri &hellip;<\/p>\n","protected":false},"author":41,"featured_media":286057,"comment_status":"closed","ping_status":"closed","sticky":false,"template":"","format":"standard","meta":{"footnotes":""},"categories":[479,575,17988,478],"tags":[18329,2318,19174,22182,39168],"class_list":["post-286054","post","type-post","status-publish","format-standard","has-post-thumbnail","","category-haberler-yerel","category-olaylar-ve-gercekler","category-son-haberler","category-yerel","tag-dais","tag-isid","tag-suriyede-son-durumlar","tag-suriyede-savas","tag-suveyda-colunde-teror-kalintilarindan-mayin-patlamasi-sonucu-bir-vatandas-sehit-dustu"],"_links":{"self":[{"href":"https:\/\/archive.sana.sy\/tr\/index.php?rest_route=\/wp\/v2\/posts\/286054","targetHints":{"allow":["GET"]}}],"collection":[{"href":"https:\/\/archive.sana.sy\/tr\/index.php?rest_route=\/wp\/v2\/posts"}],"about":[{"href":"https:\/\/archive.sana.sy\/tr\/index.php?rest_route=\/wp\/v2\/types\/post"}],"author":[{"embeddable":true,"href":"https:\/\/archive.sana.sy\/tr\/index.php?rest_route=\/wp\/v2\/users\/41"}],"replies":[{"embeddable":true,"href":"https:\/\/archive.sana.sy\/tr\/index.php?rest_route=%2Fwp%2Fv2%2Fcomments&post=286054"}],"version-history":[{"count":2,"href":"https:\/\/archive.sana.sy\/tr\/index.php?rest_route=\/wp\/v2\/posts\/286054\/revisions"}],"predecessor-version":[{"id":286058,"href":"https:\/\/archive.sana.sy\/tr\/index.php?rest_route=\/wp\/v2\/posts\/286054\/revisions\/286058"}],"wp:featuredmedia":[{"embeddable":true,"href":"https:\/\/archive.sana.sy\/tr\/index.php?rest_route=\/wp\/v2\/media\/286057"}],"wp:attachment":[{"href":"https:\/\/archive.sana.sy\/tr\/index.php?rest_route=%2Fwp%2Fv2%2Fmedia&parent=286054"}],"wp:term":[{"taxonomy":"category","embeddable":true,"href":"https:\/\/archive.sana.sy\/tr\/index.php?rest_route=%2Fwp%2Fv2%2Fcategories&post=286054"},{"taxonomy":"post_tag","embeddable":true,"href":"https:\/\/archive.sana.sy\/tr\/index.php?rest_route=%2Fwp%2Fv2%2Ftags&post=286054"}],"curies":[{"name":"wp","href":"https:\/\/api.w.org\/{rel}","templated":true}]}}