{"id":286080,"date":"2023-08-09T22:03:25","date_gmt":"2023-08-09T19:03:25","guid":{"rendered":"https:\/\/sana.sy\/tr\/?p=286080"},"modified":"2023-08-11T13:46:57","modified_gmt":"2023-08-11T10:46:57","slug":"cumhurbaskani-esad-sky-news-arabiaya-suriyedeki-yikimin-sorumlulugunu-kim-tasiyorsa-terore-destek-veren-ve-savasi-planlayan-odur","status":"publish","type":"post","link":"https:\/\/archive.sana.sy\/tr\/?p=286080","title":{"rendered":"Cumhurba\u015fkan\u0131 Esad, Sky News Arabia&#8217;ya: Suriye&#8217;deki Y\u0131k\u0131m\u0131n Sorumlulu\u011funu Kim Ta\u015f\u0131yorsa, Ter\u00f6re Destek Veren Ve Sava\u015f\u0131 Planlayan Odur"},"content":{"rendered":"<p style=\"text-align: justify;\"><strong>\u015eAM 09 A\u011fustos (SANA)<\/strong> \u2013 Cumhurba\u015fkan\u0131 Esad,\u00a0 Sky News Arabia ile yapt\u0131\u011f\u0131 r\u00f6portajda, ter\u00f6r\u00fcn Suriye&#8217;deki y\u0131k\u0131m\u0131 ger\u00e7ekle\u015ftirdi\u011fini, sorumlulu\u011fun sald\u0131rgan\u0131n de\u011fil, ter\u00f6r\u00fcn yan\u0131nda yer alan, sava\u015f \u00e7\u0131karmaya niyetlenen, planlayan oldu\u011funu vurgulad\u0131.<\/p>\n<p style=\"text-align: justify;\">Say\u0131n Cumhurba\u015fkan\u0131 Esad m\u00fclteciler konusunda yapt\u0131\u011f\u0131 r\u00f6portajda, son y\u0131llarda yar\u0131m milyondan biraz daha az\u0131n\u0131n Suriye&#8217;ye d\u00f6nd\u00fc\u011f\u00fcn\u00fc ve bu d\u00f6n\u00fc\u015f\u00fcn, ya\u015fam ko\u015fullar\u0131n\u0131n ger\u00e7ekli\u011finden dolay\u0131 durdu\u011funu a\u00e7\u0131k\u00e7a belirtirken, \u00a0\u2018\u2019Bir m\u00fclteci susuz, elektriksiz, \u00e7ocuklar\u0131 i\u00e7in okulsuz, t\u0131bbi tedavi g\u00f6rmeden nas\u0131l geri d\u00f6nebilir? Hayat\u0131n temeli budur.\u0130\u015fte bu y\u00fczden\u2019\u2019 dedi.<\/p>\n<p style=\"text-align: justify;\">Uyu\u015fturucu ticaretine ili\u015fkin olarak Cumhurba\u015fkan\u0131 Esad, devlette sava\u015f ve zay\u0131fl\u0131k oldu\u011funda bu ticaretin geli\u015fmesi gerekti\u011fini, bu durumda sorumlulu\u011fun Suriye&#8217;de kaosa katk\u0131da bulunan \u00fclkeler oldu\u011funu da kaydetti.<\/p>\n<p style=\"text-align: justify;\">Cumhurba\u015fkan\u0131 Esad ayr\u0131ca, g\u00fcndemsiz ve haz\u0131rl\u0131ks\u0131z Erdo\u011fan&#8217;la neden g\u00f6r\u00fc\u015felim diye sorarak, \u2018\u2019Biz net bir hedefe ula\u015fmak istiyoruz, o da Suriye topraklar\u0131ndan \u00e7ekilmek, Erdo\u011fan&#8217;\u0131n amac\u0131 ise T\u00fcrk i\u015fgalinin Suriye&#8217;deki varl\u0131\u011f\u0131n\u0131 me\u015frula\u015ft\u0131rmak. Dolay\u0131s\u0131yla g\u00f6r\u00fc\u015fme Erdo\u011fan&#8217;\u0131n \u015fartlar\u0131nda ger\u00e7ekle\u015femez\u2019\u2019 ifadelerini kulland\u0131.<\/p>\n<p style=\"text-align: justify;\"><span style=\"color: #0000ff;\"><strong>R\u00f6portaj\u0131n tam metni a\u015fa\u011f\u0131dad\u0131r:<\/strong><\/span><\/p>\n<p style=\"text-align: justify;\"><strong>(Spiker<\/strong>:<\/p>\n<p style=\"text-align: justify;\">Siz izleyicilerimizi buradan, Suriye&#8217;nin ba\u015fkenti \u015eam&#8217;daki Muhacirin Saray\u0131&#8217;ndan Cumhurba\u015fkan\u0131 Be\u015f\u015far Esad ile bu \u00f6zel bulu\u015fmaya bekliyoruz.<\/p>\n<p style=\"text-align: justify;\">Say\u0131n Cumhurba\u015fkan\u0131, Sky News Arabia&#8217;ya ho\u015f geldiniz ve bu uzun zamand\u0131r beklenen toplant\u0131 i\u00e7in sizinle g\u00f6r\u00fc\u015fme f\u0131rsat\u0131 verdi\u011finiz i\u00e7in te\u015fekk\u00fcr ederiz.<\/p>\n<p style=\"text-align: justify;\"><strong>Cumhurba\u015fkan\u0131 Esad:<\/strong><\/p>\n<p style=\"text-align: justify;\"><img loading=\"lazy\" decoding=\"async\" class=\"size-full wp-image-286081 alignright\" src=\"http:\/\/sana.sy\/tr\/wp-content\/uploads\/2023\/08\/01-2-1-300x191-1.jpg\" alt=\"\" width=\"300\" height=\"191\" \/>\u2018\u2019Suriye&#8217;ye ho\u015f geldiniz ve bug\u00fcn sizi a\u011f\u0131rlamaktan ve aram\u0131zda verimli bir diyalog kurmaktan \u00e7ok mutluyum.\u2019\u2019<\/p>\n<p style=\"text-align: justify;\"><strong>Spiker:<\/strong><\/p>\n<p style=\"text-align: justify;\">\u00a0 Te\u015fekk\u00fcr ederim.<\/p>\n<p style=\"text-align: justify;\"><strong>\u0130lk Soru:<\/strong><\/p>\n<p style=\"text-align: justify;\"><strong>\u00a0Say\u0131n Ba\u015fkan, bu ilk Arap kanal\u0131 olarak Sky News Arabia&#8217;daki ilk r\u00f6portaj\u0131m\u0131z oldu\u011fundan, sizinle 2012&#8217;deki olaylar\u0131n ba\u015flang\u0131c\u0131na d\u00f6n\u00fcyoruz. Sizce ya\u015fananlardan ka\u00e7\u0131nmak m\u00fcmk\u00fcn m\u00fcyd\u00fc? Sava\u015f\u0131, bu y\u00fczle\u015fmeyi on y\u0131ldan fazla ayn\u0131 \u015fekilde, ayn\u0131 vizyonla ya\u015far m\u0131yd\u0131n\u0131z?<\/strong><\/p>\n<p style=\"text-align: justify;\"><strong>Say\u0131n Cumhurba\u015fkan\u0131 Esad: <\/strong><\/p>\n<p style=\"text-align: justify;\">\u2018\u2019Teorik olarak, ba\u015fta Suriye haklar\u0131ndan ve Suriye \u00e7\u0131karlar\u0131ndan vazge\u00e7mek olmak \u00fczere \u00e7e\u015fitli konularda Suriye&#8217;ye dayat\u0131lan veya talep edilen t\u00fcm taleplere boyun e\u011fseydik, bu sava\u015ftan ka\u00e7\u0131n\u0131labilirdi. Bunlar\u0131n ba\u015f\u0131nda Suriye haklar\u0131ndan ve Suriye \u00e7\u0131karlar\u0131ndan vazge\u00e7ilmesi gelmektedir. Yani teoride s\u00f6yl\u00fcyorum \u00e7\u00fcnk\u00fc pratikte bu y\u00f6ne gitmeyece\u011fiz. Ama gidece\u011fimizi varsayarsak, bu, sava\u015ftan ka\u00e7\u0131naca\u011f\u0131m\u0131z, ancak daha sonra \u00e7ok daha b\u00fcy\u00fck bir bedel \u00f6deyece\u011fimiz anlam\u0131na gelir<\/p>\n<p style=\"text-align: justify;\">Olaylar\u0131 ayn\u0131 \u015fekilde ele al\u0131r m\u0131yd\u0131k? Ayn\u0131 hedefe giden farkl\u0131 yollar olabilir, \u00f6nemli olan politika nedir? Ulusal vizyon nedir?<\/p>\n<p style=\"text-align: justify;\">\u00a0 Vizyonumuz Suriye \u00e7\u0131karlar\u0131n\u0131, ter\u00f6re kar\u015f\u0131 Suriye&#8217;yi ve Suriye karar\u0131n\u0131n ba\u011f\u0131ms\u0131zl\u0131\u011f\u0131n\u0131 savunmakt\u0131.Zamanda geriye gidersek ayn\u0131 politikay\u0131 in\u015fa edip benimseriz\u2019\u2019<\/p>\n<p style=\"text-align: justify;\"><strong>\u0130kinci Soru:<\/strong><\/p>\n<p style=\"text-align: justify;\"><strong>En az\u0131ndan ilk y\u0131l boyunca, hasar\u0131n boyutunun, y\u0131k\u0131m\u0131n boyutunun bu b\u00fcy\u00fckl\u00fckte olmas\u0131n\u0131 bekliyor muydunuz? <\/strong><\/p>\n<p style=\"text-align: justify;\"><strong>Cumhurba\u015fkan\u0131 Esad: <\/strong><\/p>\n<p style=\"text-align: justify;\">\u2018\u2019Hay\u0131r, beklemiyorduk \u00e7\u00fcnk\u00fc bizi bekleyen planlar\u0131 bilmiyorduk. Suriye i\u00e7in her \u015feyin haz\u0131rland\u0131\u011f\u0131n\u0131 biliyorduk ve sava\u015f\u0131n ba\u015f\u0131ndan beri bunun uzun bir sava\u015f olaca\u011f\u0131n\u0131 biliyorduk. Baz\u0131lar\u0131n\u0131n d\u00fc\u015f\u00fcnd\u00fc\u011f\u00fc gibi ge\u00e7ici bir kriz de\u011fil ama ayr\u0131nt\u0131lar yok, kimse beklemiyor.\u2019\u2019<\/p>\n<p style=\"text-align: justify;\"><strong>\u00dc\u00e7\u00fcnc\u00fc Soru:<\/strong><\/p>\n<p style=\"text-align: justify;\"><strong>Say\u0131n Cumhurba\u015fkan\u0131, \u015fu soruyu bana b\u0131rak\u0131n, muharebeler bir an i\u00e7in Cumhurba\u015fkanl\u0131\u011f\u0131 saraylar\u0131n\u0131n birka\u00e7 metre uza\u011f\u0131nda oluyordu, dilerseniz. B\u00f6lgede korkun\u00e7 senaryolar ya\u015fan\u0131rken siz kendi can\u0131n\u0131z, \u00e7ocuklar\u0131n\u0131z\u0131n can\u0131 i\u00e7in korkmad\u0131n\u0131z m\u0131? \u00a0Ne oldu mesela ba\u015fkanlara.. Ne oldu mesela Ba\u015fkan Kaddafi&#8217;ye?<\/strong><\/p>\n<p style=\"text-align: justify;\"><strong>Cumhurba\u015fkan\u0131 Esd: <\/strong><\/p>\n<p style=\"text-align: justify;\">\u2018\u2019Birincisi, tehlikeden korkmayan herkes anormal ve dengesiz bir insand\u0131r. Korku insan do\u011fas\u0131n\u0131n bir par\u00e7as\u0131d\u0131r ve insan\u0131n korkmas\u0131 do\u011fald\u0131r. Ama korkunun panikten tedirginli\u011fe ve arada kalan her \u015feye kadar de\u011fi\u015fen bi\u00e7imleri var.Biz kesinlikle bu pani\u011fe ula\u015fmad\u0131k ama bir yandan da genel bir durumda ya\u015f\u0131yorsunuz.Ki\u015fisel olarak ben hedef olmad\u0131m, herkes hedef al\u0131nd\u0131. Hepimiz bu sokaklarda ve yollarda y\u00fcr\u00fcyoruz ve y\u0131llard\u0131r evlerimizdeyken bile mermi ya\u011f\u0131yor, bu nedenle korku ve endi\u015fe bilin\u00e7alt\u0131m\u0131z\u0131n bir par\u00e7as\u0131 haline geliyor.\u2019\u2019<\/p>\n<p style=\"text-align: justify;\"><strong>D\u00f6rd\u00fcnc\u00fc Soru:<\/strong><\/p>\n<p style=\"text-align: justify;\"><strong>Ama bu kadar bask\u0131 alt\u0131nda, hi\u00e7 iktidardan vazge\u00e7meyi d\u00fc\u015f\u00fcnd\u00fcn\u00fcz m\u00fc, Say\u0131n Ba\u015fkan?<\/strong><\/p>\n<p style=\"text-align: justify;\"><strong>Cumhurba\u015fkan\u0131 Esad: <\/strong><\/p>\n<p style=\"text-align: justify;\">\u00a0\u2018\u2019A\u00e7\u0131k olmak gerekirse, Suriye ba\u015fkan\u0131n\u0131n gitmesi gerekti\u011finden bahsettiklerinde, durum \u015f\u00f6yleydi: sorun ki\u015finin sorunudur, dolay\u0131s\u0131yla bu ki\u015fi vatandan daha \u00f6nemli olamaz ve \u00f6zellikleri ve \u00f6zellikleri ne olursa olsun gitmelidir. Sadece ben de\u011fil, devlet ve vatanda\u015f olarak Suriye genelinde bu imaj\u0131n fark\u0131ndayd\u0131k. Bu nedenle, cumhurba\u015fkan\u0131n\u0131n iktidardan ayr\u0131lmas\u0131 i\u00e7in herhangi bir i\u00e7 \u00e7a\u011fr\u0131 yap\u0131lmad\u0131. Bir ba\u015fkan g\u00f6revden veya sorumluluktan ayr\u0131ld\u0131\u011f\u0131nda &#8211; <img loading=\"lazy\" decoding=\"async\" class=\"size-full wp-image-286082 alignright\" src=\"http:\/\/sana.sy\/tr\/wp-content\/uploads\/2023\/08\/2222-195x300-1.jpg\" alt=\"\" width=\"195\" height=\"300\" \/>daha kesin olmak gerekirse &#8211; d\u0131\u015f bask\u0131 veya d\u0131\u015f sava\u015f nedeniyle de\u011fil, halk onun gitmesini istedi\u011finde ayr\u0131l\u0131r.Benim y\u00fcz\u00fcmden oldu\u011funda bu do\u011fal bir \u015fey, ama bu bir d\u0131\u015f sava\u015f y\u00fcz\u00fcnden oldu\u011funda, o zaman ad\u0131 ka\u00e7\u0131\u015ft\u0131r, iktidardan vazge\u00e7me de\u011fil ve ka\u00e7\u0131\u015f hi\u00e7 de masada de\u011fildi.\u2018\u2019<\/p>\n<p style=\"text-align: justify;\"><strong>Be\u015finci Soru:<\/strong><\/p>\n<p style=\"text-align: justify;\"><strong>Bu noktaya geri d\u00f6nece\u011fiz ama m\u00fccadele ettiniz. B\u00fcy\u00fck meydan okuma. Bir\u00e7ok b\u00f6lgeyi ve hatta ba\u015fkent \u015eam&#8217;\u0131 ku\u015fatan d\u00fc\u015fman, ter\u00f6r, Ancak Say\u0131n Cumhurba\u015fkan\u0131, ger\u00e7eklerden etkilenen siviller var, biz bunu en az\u0131ndan medya arac\u0131l\u0131\u011f\u0131yla, \u00f6ld\u00fcrme, yerinden etme ve ac\u0131 \u00e7ekme a\u00e7\u0131s\u0131ndan takip ettik. Bunlardan siz mi sorumlusunuz?<\/strong><\/p>\n<p style=\"text-align: justify;\"><strong>Cumhurba\u015fkan\u0131 Esad, <\/strong><\/p>\n<p style=\"text-align: justify;\">\u2018\u2019\u00d6ld\u00fcrmeyi ve yerinden etmeyi devletin ger\u00e7ekle\u015ftirdi\u011fini varsayarsak, sorumluluk ona aittir. Ama ter\u00f6r var ve devlet ter\u00f6rle m\u00fccadele ediyordu ve ter\u00f6r \u00f6ld\u00fcr\u00fcyordu, y\u0131k\u0131yordu, yak\u0131yordu. Vatan\u0131 yok eden iki k\u00f6t\u00fc has\u0131m aras\u0131nda devlet denilse de devlet yok, yok benim bilgilerime g\u00f6re yok yani y\u0131k\u0131m\u0131 ger\u00e7ekle\u015ftiren ter\u00f6rd\u00fcr. Devletin rol\u00fc, anayasa ve ulusal gelenek gere\u011fi, devleti savunmakt\u0131r.Bu, vatan\u0131 yok edenin ter\u00f6rle y\u00fczle\u015fmek oldu\u011fu anlam\u0131na m\u0131 geliyor?Devleti yeniden in\u015fa etmek i\u00e7in ter\u00f6r\u00fc b\u0131raksak?! Bu mant\u0131ks\u0131z. Dolay\u0131s\u0131yla ter\u00f6re kar\u015f\u0131 savunan de\u011fil, ter\u00f6r\u00fcn yan\u0131nda yer alan sorumludur.Sorumlu olan, sava\u015f\u0131 tasarlayan, sava\u015f\u0131 planlayan ve sald\u0131rand\u0131r, sald\u0131r\u0131ya u\u011frayan de\u011fil\u2019\u2019<\/p>\n<p style=\"text-align: justify;\"><strong>Alt\u0131nc\u0131 Soru:<\/strong><\/p>\n<p style=\"text-align: justify;\"><strong>Say\u0131n Cumhurba\u015fkan\u0131, i\u00e7 hatta d\u0131\u015f d\u00fczeydeki t\u00fcm bu b\u00fcy\u00fck bask\u0131dan sonra devletin kararl\u0131l\u0131\u011f\u0131 fikrine sizinle birlikte d\u00f6n\u00fcyoruz. Bu krizin ilk y\u0131llar\u0131ndan itibaren \u0130ran ve Rusya&#8217;n\u0131n deste\u011fi bu muharebede sebat\u0131n s\u0131rr\u0131 m\u0131? Arap soka\u011f\u0131 Say\u0131n Cumhurba\u015fkan\u0131, Suriye devletinin bunca bask\u0131dan sonra ayakta kalmas\u0131n\u0131n s\u0131rr\u0131n\u0131 m\u0131 soruyor?<\/strong><\/p>\n<p style=\"text-align: justify;\"><strong>Cumhurba\u015fkan\u0131 Esad: <\/strong><\/p>\n<p style=\"text-align: justify;\">\u2018\u2019Ba\u015flang\u0131\u00e7ta s\u00fcper g\u00fc\u00e7 oldu\u011fumuzu iddia etmedik, d\u00fcnyayla sava\u015fabilece\u011fimizi de s\u00f6ylemedik. Do\u011fal olarak arkada\u015flar\u0131m\u0131zdan yan\u0131m\u0131zda olmalar\u0131n\u0131 istedi\u011fimizde, Bu deste\u011fe ihtiyac\u0131m\u0131z oldu\u011fu i\u00e7in yan\u0131m\u0131zda olmalar\u0131 Suriye&#8217;nin kararl\u0131l\u0131\u011f\u0131nda \u00f6nemli bir etkiye sahipti. Bu ba\u015ftan beri bir \u015feydir, ancak arkada\u015flar sava\u015fta, sava\u015fta ve sebatta bizim yerimizi alamaz. Bu da ba\u015ftan beri olan bir \u015fey ama as\u0131l sebat milletin sebat\u0131d\u0131r.Sordu\u011funuz sorunun bir\u00e7ok fakt\u00f6r\u00fc var,On milyonlardan ve d\u00fcnyan\u0131n en eski halklar\u0131ndan ve toplumlar\u0131ndan birinden bahsediyorsunuz. Birikim var, bug\u00fcn davaya iman var, tecr\u00fcbe var, ilim var, hakka ba\u011fl\u0131l\u0131k var diyebiliriz.<\/p>\n<p style=\"text-align: justify;\">Bu sava\u015fa haz\u0131rlan\u0131rken oyunun y\u00f6netilme bi\u00e7imine dair bir fark\u0131ndal\u0131k ve olgunluk var.Ve bu sava\u015f ba\u015flad\u0131\u011f\u0131nda. B\u00fct\u00fcn bunlar ve \u015fimdi zikredemeyece\u011fimiz bir\u00e7ok fakt\u00f6r, sebat durumunu olu\u015fturan \u015feylerdir. Ne bir cumhurba\u015fkan\u0131, ne bir memur, ne bir devlet, ne de sadece bir ordu meselesi de\u011fil.\u2019\u2019<\/p>\n<p style=\"text-align: justify;\"><strong>Yedinci Soru:<\/strong><\/p>\n<p style=\"text-align: justify;\"><strong>Bunca y\u0131ldan sonra \u015eam&#8217;\u0131n Arap Birli\u011fi&#8217;ndeki \u00fcyeli\u011fi ask\u0131ya al\u0131nd\u0131, Suriye&#8217;nin Arap Birli\u011fi&#8217;ne d\u00f6nmesi fikrini reddediyorsunuz. Bu Arap ba\u015fkentleriyle aran\u0131zdaki ili\u015fkinin gelece\u011fine dair sorular\u0131n kap\u0131s\u0131 araland\u0131. Resmi bir d\u00f6n\u00fc\u015f m\u00fc?Yoksa en az\u0131ndan yak\u0131n gelecekte bunun bir sonucu olaca\u011f\u0131n\u0131 d\u00fc\u015f\u00fcn\u00fcyor musunuz?<\/strong><\/p>\n<p style=\"text-align: justify;\"><strong>Cumhurba\u015fkan\u0131 Esad: <\/strong><\/p>\n<p style=\"text-align: justify;\">Ger\u00e7ek \u015fu ki, k\u0131rk y\u0131l \u00f6nce siyasi fark\u0131ndal\u0131k kazand\u0131\u011f\u0131mdan beri Arap-Arap ili\u015fkileri resmi ili\u015fkilerdir Basit bir nedenden dolay\u0131, bizim d\u00fc\u015f\u00fcnce tarz\u0131m\u0131z devlet d\u00fczeyinde olabilir veya genel bir k\u00fclt\u00fcr oldu\u011fu i\u00e7in bilemem.Biz hi\u00e7bir \u015fey i\u00e7in pratik \u00e7\u00f6z\u00fcmler veya pratik fikirler \u00f6nermiyoruz.S\u00f6ylemleri, a\u00e7\u0131klamalar\u0131 ve resmi toplant\u0131lar\u0131 seviyoruz. Bu ili\u015fkinin do\u011fas\u0131d\u0131r. Suriye&#8217;nin d\u00f6n\u00fc\u015f\u00fc ister formalite ister ba\u015fka bir \u015fey olsun, Arap-Arap ili\u015fkilerinin do\u011fas\u0131na ba\u011fl\u0131. De\u011fi\u015ftin mi? \u00a0Derinlemesine de\u011fi\u015fti\u011fini d\u00fc\u015f\u00fcnm\u00fcyorum Arap \u00fclkeleri olarak bizi etkileyen risklerin boyutu konusunda bir fark\u0131ndal\u0131k var.Ancak \u00e7\u00f6z\u00fcm geli\u015ftirme a\u015famas\u0131na gelinmedi, sorunlara \u00e7\u00f6z\u00fcm bulunmad\u0131\u011f\u0131 s\u00fcrece ili\u015fki resmi kalacakt\u0131r.\u2019\u2019<\/p>\n<p style=\"text-align: justify;\"><strong>Sekizinci Soru: <\/strong><\/p>\n<p style=\"text-align: justify;\"><img loading=\"lazy\" decoding=\"async\" class=\"size-full wp-image-286083 alignright\" src=\"http:\/\/sana.sy\/tr\/wp-content\/uploads\/2023\/08\/23.08.07.MP-\u0644\u0642\u0627\u0621-\u0633\u0643\u0627\u064a-\u0646\u064a\u0648\u0632-200x300-1.jpg\" alt=\"\" width=\"200\" height=\"300\" \/>Ancak, bu risklerin fark\u0131nda olmas\u0131na ra\u011fmen.. Tehlikeler ger\u00e7ektir ve Arap d\u00fcnyas\u0131nda olmu\u015ftur ve baz\u0131 ba\u015fkentler i\u00e7in b\u00fcy\u00fckt\u00fcr. Buna ra\u011fmen, en az\u0131ndan \u00e7\u0131kar payla\u015f\u0131laca\u011f\u0131 i\u00e7in neden \u00e7abalar bir araya gelmedi?<\/p>\n<p style=\"text-align: justify;\"><strong>Cumhurba\u015fkan\u0131 Esad: <\/strong><\/p>\n<p style=\"text-align: justify;\">\u2018\u2019\u00c7\u00fcnk\u00fc bir sorununuz oldu\u011funda iki a\u015faman\u0131z var, birincisi sorunu g\u00f6rmek, sorunu anlamak, sorunu te\u015fhis etmek, \u0130kinci a\u015fama ise tedaviyi koymak ve birinci a\u015famaday\u0131z ve inanc\u0131ma g\u00f6re hen\u00fcz ikinci a\u015famaya ge\u00e7medik.\u2019\u2019<\/p>\n<p style=\"text-align: justify;\"><strong>Dokuzuncu Soru:<\/strong><\/p>\n<p style=\"text-align: justify;\"><strong>\u00a0 Suriye konusunda Arap taraf\u0131ndan ne bekliyorsunuz Say\u0131n Ba\u015fkan?<\/strong><\/p>\n<p style=\"text-align: justify;\">Cumhurba\u015fkan\u0131 Esad,<\/p>\n<p style=\"text-align: justify;\">\u00a0\u2018\u2019 Tahmin edemiyorum, umuyorum, umar\u0131m kurumlar in\u015fa edebiliriz. Araplar\u0131n sorunu, ili\u015fkilerini kurumlar \u00fczerine kurmam\u0131\u015f olmalar\u0131d\u0131r. Yani kurumlar in\u015fa etmediler, ve ikili ili\u015fkilerden bahsedecek olursak, bu nedenle zay\u0131flar ve Arap Birli\u011fi \u00fczerinden kollektif ili\u015fkiler. \u00c7\u00fcnk\u00fc Arap Ligi ger\u00e7ek anlamda bir kuruma d\u00f6n\u00fc\u015fmedi, g\u00f6rd\u00fc\u011f\u00fcm\u00fcz ve \u00fcstesinden gelmeyi umdu\u011fumuz \u015fey bu\u2019\u2019.<\/p>\n<p style=\"text-align: justify;\"><strong>Onuncu Sour: <\/strong><\/p>\n<p style=\"text-align: justify;\"><strong>Muhalefete gelince, bunca y\u0131ldan sonra bug\u00fcn tan\u0131d\u0131\u011f\u0131n\u0131z muhalefet kim?<\/strong><\/p>\n<p style=\"text-align: justify;\"><strong>Cumhurba\u015fkan\u0131 Esad: <\/strong><\/p>\n<p style=\"text-align: justify;\">\u2018\u2019K\u0131sacas\u0131 d\u0131\u015far\u0131dan \u00fcretilmeyen, yerli \u00fcretilen muhalefettir.Yerli \u00fcretilen demek, tabana, milli programa, milli bilince sahip demektir. Cehalet ile di\u011fer t\u00fcm \u00f6zellikler yeterli de\u011fildir. Milli \u015fuur ve samimi milli niyet, bunun d\u0131\u015f\u0131nda muhalefet do\u011fal bir \u015feydir. Biz insan\u0131z ve ayn\u0131 evde farkl\u0131 g\u00f6r\u00fc\u015flere sahibiz, \u00f6yleyse bir\u00e7ok konuda ulusal d\u00fczeyde nas\u0131l farkl\u0131la\u015fam\u0131yoruz?\u2019\u2019<\/p>\n<p style=\"text-align: justify;\"><strong>Onbirinci Soru:<\/strong><\/p>\n<p style=\"text-align: justify;\">\u00c7ok say\u0131da m\u00fcltecinin d\u00f6n\u00fc\u015f\u00fcne ho\u015f geldiniz dediniz, milyonlar ama baz\u0131lar\u0131 geri d\u00f6nd\u00fckten sonra ceza fikrinden korkuyor, bu ekranda bu milyonlara ne diyorsunuz?<\/p>\n<p style=\"text-align: justify;\"><strong>Cumhurba\u015fkan\u0131 Esad: <\/strong><\/p>\n<p style=\"text-align: justify;\">Ge\u00e7ti\u011fimiz y\u0131llarda, yar\u0131m milyondan biraz daha az\u0131 Suriye&#8217;ye d\u00f6nd\u00fc ve hi\u00e7biri hapse at\u0131lmad\u0131. \u00a0Bu d\u00f6n\u00fc\u015f neden durdu, ya\u015fam ko\u015fullar\u0131n\u0131n realitesinden dolay\u0131 durdu. Bir m\u00fclteci susuz, elektriksiz, \u00e7ocuklar\u0131na okulsuz, tedavi olmadan nas\u0131l geri d\u00f6ns\u00fcn, hayat\u0131n temelleri bunlar, sebebi de bu. Suriye&#8217;de bize gelince, ge\u00e7ti\u011fimiz y\u0131llarda ya\u015fanan olaylara kar\u0131\u015fan herkes i\u00e7in bir af yasas\u0131 \u00e7\u0131kard\u0131k. Tabii \u00f6zel haklar\u0131 olan ispatlanm\u0131\u015f su\u00e7lar d\u0131\u015f\u0131nda kan haklar\u0131 diye tabir edilir.<\/p>\n<p style=\"text-align: justify;\"><strong>Onikinci Soru:<\/strong><\/p>\n<p style=\"text-align: justify;\"><strong>Ancak, g\u00fcvenlik hesap verebilirli\u011fi i\u00e7in bir ikilem olabilece\u011fi ve dolay\u0131s\u0131yla endi\u015fe durumunu art\u0131rabilece\u011fi i\u00e7in bir\u00e7ok ki\u015fi bu noktadan bahsetti.<\/strong><\/p>\n<p style=\"text-align: justify;\"><strong>Cumhurba\u015fkan\u0131 Esad: <\/strong><\/p>\n<p style=\"text-align: justify;\">\u2018\u2019\u015e\u00fcphe edenler bile ger\u00e7e\u011fe d\u00f6nebilir; Yani asl\u0131nda ba\u015flad\u0131m, yakla\u015f\u0131k yar\u0131m milyon geri geldi dedim, Devlet onlar\u0131 hapse atacaksa nas\u0131l d\u00f6necekler! Bu r\u00f6portajda ne s\u00f6ylersem s\u00f6yleyeyim ger\u00e7ek\u00e7i bir g\u00f6sterge bu\u2019\u2019<\/p>\n<p style=\"text-align: justify;\"><strong>M\u00fcdahale: Sizce geri d\u00f6n\u00fc\u015flerindeki en \u00f6nemli zorluk nedir? lojistik olarak m\u0131?<\/strong><\/p>\n<p style=\"text-align: justify;\">Cumhurba\u015fkan\u0131 Esad,<\/p>\n<p style=\"text-align: justify;\">\u2018\u2019Lojistik olarak ter\u00f6r\u00fcn y\u0131kt\u0131\u011f\u0131 alt yap\u0131 ve ileti\u015fim kurdu\u011fumuz m\u00fcltecilerin \u00e7o\u011fu bunu s\u00f6yl\u00fcyor, geri d\u00f6nmek istiyorlar ama nas\u0131l ya\u015f\u0131yoruz nas\u0131l ya\u015f\u0131yoruz diyorlar\u2019\u2019<\/p>\n<p style=\"text-align: justify;\"><strong>On\u00fc\u00e7\u00fcnc\u00fc Soru:<\/strong><\/p>\n<p style=\"text-align: justify;\"><strong>Altyap\u0131 a\u00e7\u0131s\u0131ndan b\u00fcy\u00fck zorluklar g\u00f6z \u00f6n\u00fcne al\u0131nd\u0131\u011f\u0131nda, bu insanlar\u0131n \u00f6n\u00fcm\u00fczdeki d\u00f6nemde geri d\u00f6nme \u015fanslar\u0131 nedir?<\/strong><\/p>\n<p style=\"text-align: justify;\"><strong>Cumhurba\u015fkan\u0131 Esad: <\/strong><\/p>\n<p style=\"text-align: justify;\">\u2018\u2019\u015eimdi biz ve Birle\u015fmi\u015f Milletler&#8217;deki baz\u0131 ajanslar aras\u0131nda insani durumla ilgili bir diyalog var ve onlarla geri d\u00f6n\u00fc\u015f projelerini ve nas\u0131l finanse edilece\u011fini pratik bir \u015fekilde tart\u0131\u015fmaya ba\u015flad\u0131k. Detayl\u0131 olarak gereksinimleri nelerdir, bu \u00e7er\u00e7evede \u00e7al\u0131\u015fmalar var.\u2019\u2019<\/p>\n<p style=\"text-align: justify;\"><strong>Ond\u00f6rd\u00fcnc\u00fc Soru:\u00a0 <\/strong><\/p>\n<p style=\"text-align: justify;\">Suriye i\u00e7inde \u00e7evreyi etkileyen sorunlardan biri de uyu\u015fturucu ticaretidir. Suriye devleti bu ticareti yapanlara g\u00f6z yummakla itham ediliyor. Bu t\u00fcr su\u00e7larla ba\u011flant\u0131l\u0131 olanlar ve Suriye&#8217;yi Captagon uyu\u015fturucu merkezi haline getirenler. Bu su\u00e7lamalara nas\u0131l cevap veriyorsunuz Say\u0131n Ba\u015fkan?<\/p>\n<p style=\"text-align: justify;\"><strong>Cumhurba\u015fkan\u0131 Esad: <\/strong><\/p>\n<p style=\"text-align: justify;\">\u00dclke olarak Suriye&#8217;de bu ticareti te\u015fvik etmek isteyen bizsek; Demek ki biz devlet olarak ter\u00f6ristleri Suriye&#8217;ye gelip y\u0131k\u0131m ve \u00f6ld\u00fcrmeye te\u015fvik ettik, \u00e7\u00fcnk\u00fc sonu\u00e7 ayn\u0131. Ve bunu birden fazla kez s\u00f6yledim, baz\u0131lar\u0131 da alenen, e\u011fer halk\u0131 ter\u00f6rle uyu\u015fturucunun aras\u0131na koyarsak, o zaman toplumu ve \u00fclkeyi kendi ellerimizle yok etmi\u015f oluruz. \u0130lgimiz nerede? Bu nedenle son d\u00f6nemde uyu\u015fturucu konusunu \u00f6nce Amerikal\u0131lar, daha sonra Bat\u0131 ve baz\u0131 b\u00f6lge \u00fclkeleri <img loading=\"lazy\" decoding=\"async\" class=\"size-full wp-image-286084 alignright\" src=\"http:\/\/sana.sy\/tr\/wp-content\/uploads\/2023\/08\/01-3-300x200-1.jpg\" alt=\"\" width=\"300\" height=\"200\" \/>siyasi gerek\u00e7elerle Suriye aleyhine kullanmaya \u00e7al\u0131\u015ft\u0131klar\u0131nda, Kelimenin tam anlam\u0131yla tehlikeli bir fenomen oldu\u011fu i\u00e7in bu fenomenle m\u00fccadele etmek i\u00e7in ilk hevesli ve i\u015fbirlik\u00e7i olan bizdik. Devletin yan\u0131nda olmas\u0131 mant\u0131ks\u0131z ama bir noktay\u0131 daha ekleyeyim \u00e7eteler devletlerle muhatap olmuyor \u00e7\u00fcnk\u00fc uzak bat\u0131dan, uzak do\u011fudan gelip gizlice ge\u00e7mek i\u00e7in gizli hareket ediyorlar.\u0130nsanlarla r\u00fc\u015fvet \u00fczerinden ilgilenir, dolay\u0131s\u0131yla bir devletle anla\u015famaz \u00e7\u00fcnk\u00fc bu gizli de\u011fil a\u00e7\u0131k bir ticaret haline gelir.\u2019\u2019<\/p>\n<p style=\"text-align: justify;\"><strong>Onbe\u015finci Soru: <\/strong><\/p>\n<p style=\"text-align: justify;\">Sizce uyu\u015fturucu ticareti a\u00e7\u0131s\u0131ndan tehlikenin boyutu nedir? Bu konu son zirvede en az\u0131ndan Arap liderler nezdinde \u00f6ncelikli olarak g\u00fcndeme getirildi mi?<\/p>\n<p style=\"text-align: justify;\"><strong>Cumhurba\u015fkan\u0131 Esad, <\/strong><\/p>\n<p style=\"text-align: justify;\">\u2018\u2019Birincisi: Transit ve yerle\u015fim yeri olarak uyu\u015fturucu ticareti var ve durmad\u0131. Bu bir ger\u00e7ek ama sava\u015f ve devletin zay\u0131fl\u0131\u011f\u0131 oldu\u011funda bu ticaretin geli\u015fmesi gerekiyor. Bu do\u011fal bir \u015fey. Ancak bu olayda sorumlu olan Suriye devleti de\u011fil, Suriye&#8217;de kaosa katk\u0131da bulunan \u00fclkelerdir. Yine de ge\u00e7ti\u011fimiz aylarda veya haftalarda bizi ziyaret eden birden fazla Arap yetkiliyle diyalog halindeydik. Bu konu sadece Suriye&#8217;nin de\u011fil Suriye&#8217;nin de g\u00fcndeme getirdi\u011fi konulardan biriydi \u00e7\u00fcnk\u00fc bu olgunun ortadan kald\u0131r\u0131lmas\u0131 konusunda onlarla ortak \u00e7\u0131karlar\u0131m\u0131z var\u2019\u2019<\/p>\n<p style=\"text-align: justify;\"><strong>Onalt\u0131nc\u0131 soru:<\/strong><\/p>\n<p style=\"text-align: justify;\"><strong>Say\u0131n Ba\u015fkan, \u015fimdi yurt d\u0131\u015f\u0131 ile olan ili\u015fkinizle size yakla\u015f\u0131yorum. Sizinle Amerikal\u0131lar aras\u0131nda diplomatik yetkililer d\u00fczeyinde g\u00f6r\u00fc\u015fmeler yap\u0131ld\u0131\u011f\u0131 konu\u015fuluyor, ne oldu? \u015eimdiye kadar ne elde edildi?<\/strong><\/p>\n<p style=\"text-align: justify;\">\u00a0\u2018\u2019Washington ile diyaloglar y\u0131llard\u0131r aral\u0131kl\u0131 olarak devam ediyor ve Amerikal\u0131lar talep etti ve talep etti diye Amerikal\u0131lar\u0131n de\u011fi\u015fece\u011fine dair bir an bile umudumuz yoktu. O al\u0131r, al\u0131r ve hi\u00e7bir \u015fey vermez.1974&#8217;ten beri Amerikal\u0131larla ili\u015fkinin do\u011fas\u0131 budur.Dolay\u0131s\u0131yla umudumuz yok ama Suriye&#8217;deki politikam\u0131z hi\u00e7bir kap\u0131y\u0131 kapal\u0131 b\u0131rakmamakt\u0131r.\u2019\u2019<\/p>\n<p style=\"text-align: justify;\"><strong>On yedinci soru:<\/strong><\/p>\n<p style=\"text-align: justify;\">Washington, Arap-\u0130srail yak\u0131nla\u015fmas\u0131na en az\u0131ndan \u00f6nceki ve \u015fimdiki y\u00f6netimler d\u00f6neminde \u00f6nemli \u00f6l\u00e7\u00fcde destek veriyor, \u201c\u0130srail\u201d ile ili\u015fki kurma teklifleri ald\u0131n\u0131z m\u0131?<\/p>\n<p style=\"text-align: justify;\"><strong>Cumhurba\u015fkan\u0131 Esad, <\/strong><\/p>\n<p style=\"text-align: justify;\">\u2018\u2019Hay\u0131r, kesinlikle, \u00e7\u00fcnk\u00fc 1990&#8217;da bar\u0131\u015f m\u00fczakerelerinin ba\u015flang\u0131c\u0131ndan beri konumumuzu biliyorlar. \u0130srail&#8217;in topraklar\u0131 iade etme iste\u011fi yoksa zaman kaybetmeye gerek yok.\u2019\u2019<\/p>\n<p style=\"text-align: justify;\"><strong>Onsekizinci Soru: <\/strong><\/p>\n<p style=\"text-align: justify;\"><strong>D\u00fcn ba\u015fkent \u015eam&#8217;\u0131n g\u00f6be\u011finde patlama sesi duyduk, bug\u00fcn bunun \u0130srail sald\u0131r\u0131s\u0131 oldu\u011fu a\u00e7\u0131kland\u0131. Bu ne kadar s\u00fcrecek?Hedef alma Suriye ordusunu mu yoksa Suriye i\u00e7indeki \u0130ran varl\u0131\u011f\u0131n\u0131 m\u0131 hedef al\u0131yor?<\/strong><\/p>\n<p style=\"text-align: justify;\"><strong>Cumhurba\u015fkan\u0131 Esad, <\/strong><\/p>\n<p style=\"text-align: justify;\">\u2018\u2019Ger\u00e7ek \u015fu ki, Suriye ordusu esasen \u0130ran varl\u0131\u011f\u0131 bahanesiyle hedef al\u0131n\u0131yor ve \u201c\u0130srail\u201d d\u00fc\u015fman oldu\u011fu s\u00fcrece de devam edecek. K\u0131smen de olsa ter\u00f6ristlerin planlar\u0131n\u0131 bozdu\u011fumuz s\u00fcrece de devam edecek. Bu sald\u0131r\u0131lar, Suriye ordusunun girdi\u011fi muharebelerde ge\u00e7ici zaferler elde etmeye ba\u015flamas\u0131yla ba\u015flad\u0131 ve biz hen\u00fcz sava\u015f\u0131 bitirmedi\u011fimizi hesaba kat\u0131yoruz.\u2019\u2019<\/p>\n<p style=\"text-align: justify;\"><strong>Ondokuzuncu Soru:<\/strong><\/p>\n<p style=\"text-align: justify;\">Kuzeye gitmek i\u00e7in T\u00fcrkiye ile ili\u015fkileri de konu\u015fmam\u0131z gerekiyor. T\u00fcrkiye ile bu ili\u015fkinin geri d\u00f6nmesi i\u00e7in iki \u015fart\u0131n\u0131z var, T\u00fcrk g\u00fc\u00e7lerinin geri \u00e7ekilmesi ve ter\u00f6ristlere verilen deste\u011fin kesilmesi. T\u00fcrkiye bu teklif \u0131\u015f\u0131\u011f\u0131nda \u00f6nko\u015fulsuz g\u00f6r\u00fc\u015fmenizi talep etti. Hele bu g\u00f6r\u00fc\u015fmeye kar\u015f\u0131 \u00e7\u0131kmad\u0131\u011f\u0131na g\u00f6re Cumhurba\u015fkan\u0131 Erdo\u011fan ile aran\u0131zda g\u00f6r\u00fc\u015fme ne zaman m\u00fcmk\u00fcn olacak?<\/p>\n<p style=\"text-align: justify;\"><strong>Cumhurba\u015fkan\u0131 Esad: <\/strong><\/p>\n<p style=\"text-align: justify;\">\u2018\u2019Kar\u015f\u0131la\u015fman\u0131n \u00f6nko\u015fulu olmayan s\u00f6z, g\u00fcndemsiz, g\u00fcndemsiz, haz\u0131rl\u0131ks\u0131z demektir. haz\u0131rl\u0131ks\u0131z sonu\u00e7suz demektir, Peki Erdo\u011fan ve ben neden bulu\u015fuyoruz?! \u00d6rne\u011fin, serinletici i\u00e7ecekler i\u00e7mek i\u00e7in. Net bir hedefe ula\u015fmak istiyoruz, hedefimiz Suriye topraklar\u0131ndan \u00e7ekilmek, Erdo\u011fan&#8217;\u0131n amac\u0131 Suriye&#8217;deki T\u00fcrk i\u015fgalinin varl\u0131\u011f\u0131n\u0131 me\u015frula\u015ft\u0131rmak iken, Dolay\u0131s\u0131yla g\u00f6r\u00fc\u015fme Erdo\u011fan&#8217;\u0131n \u015fartlar\u0131nda ger\u00e7ekle\u015femez.\u2019\u2019<\/p>\n<p style=\"text-align: justify;\">\u2018\u2019 Suriye&#8217;deki ter\u00f6r bir T\u00fcrk end\u00fcstrisidir, &#8220;Nusra Cephesi &#8220;, &#8220;Ahrar El \u015eam &#8221; Hepsi T\u00fcrkiye&#8217;de yap\u0131lan ve \u015fu ana kadar T\u00fcrkiye taraf\u0131ndan finanse edilen bir parti i\u00e7in farkl\u0131 tan\u0131mlamalard\u0131r\u2019\u2019<\/p>\n<p style=\"text-align: justify;\"><strong>Yirminci Soru: <\/strong><\/p>\n<p style=\"text-align: justify;\"><strong>Hamas ile ili\u015fkilere, Say\u0131n Ba\u015fkan, hareket i\u00e7in Suriye devletine b\u00fcy\u00fck bir sayg\u0131n\u0131z var. Ancak krizin ba\u015f\u0131nda hareketin konumunu nas\u0131l kar\u015f\u0131lad\u0131n\u0131z ve hareketin \u015eam&#8217;la restorasyonunu ilan etmesiyle ili\u015fki eski haline d\u00f6nd\u00fc m\u00fc?<\/strong><\/p>\n<p style=\"text-align: justify;\"><strong>Cumurba\u015fkan\u0131 Esad: <\/strong><\/p>\n<p style=\"text-align: justify;\">\u2018\u2019Bunca zamandan sonra k\u00fc\u00e7\u00fck bir noktaya de\u011finmek istiyorum. Baz\u0131 Hamas liderlerinin, Suriye&#8217;nin bizim yan\u0131m\u0131zda durmalar\u0131n\u0131 istedi\u011fini, bizim yan\u0131m\u0131zda nas\u0131l durduklar\u0131n\u0131, Suriye devletini nas\u0131l savunduklar\u0131n\u0131, Bir ordular\u0131 yok ve Suriye&#8217;de birka\u00e7 d\u00fczine var ve bu do\u011fru de\u011fil. Birden \u00e7ok kez ilan etti\u011fimiz pozisyon ihanettir. Yan\u0131nda oldu\u011fumuz i\u00e7in de\u011fil, o d\u00f6nemde direni\u015f iddias\u0131nda oldu\u011fu i\u00e7in ve ben liderlerden bahsediyorum. Hamas&#8217;\u0131n tamam\u0131ndan bahsetmiyorum, \u00e7\u00fcnk\u00fc Hamas&#8217;\u0131n tamam\u0131n\u0131 bilmiyorum, direni\u015fin yan\u0131nda yer ald\u0131\u011f\u0131n\u0131 iddia eden ayn\u0131 Hamas, Suriye&#8217;deki Frans\u0131z i\u015fgalinin bayra\u011f\u0131n\u0131 ta\u015f\u0131d\u0131. Direni\u015f iddias\u0131nda bulunan bir ki\u015fi, Frans\u0131z i\u015fgalci bayra\u011f\u0131 alt\u0131nda Amerikan ve T\u00fcrk i\u015fgali ile \u0130srail sald\u0131rganl\u0131\u011f\u0131 sonucu ortaya \u00e7\u0131kan bir i\u015fgale nas\u0131l kar\u015f\u0131 koyabilir? Bu pozisyon, ihanet ve ikiy\u00fczl\u00fcl\u00fc\u011f\u00fcn bir kar\u0131\u015f\u0131m\u0131d\u0131r. Bug\u00fcnk\u00fc ili\u015fkimize gelince, bu genel ilke dahilinde bir ili\u015fkidir. \u0130srail&#8217;in haklar\u0131n\u0131 geri almak i\u00e7in kar\u015f\u0131 duran her Filistin partisinin yan\u0131nday\u0131z. Bu genel bir ilkedir.\u2019\u2019<\/p>\n<p style=\"text-align: justify;\"><strong>Yirimibirinci Soru:<\/strong><\/p>\n<p style=\"text-align: justify;\">\u00d6ncelikler sorusuna geri d\u00f6nelim, Suriye vatanda\u015f\u0131 ger\u00e7e\u011finden ve devletin kar\u015f\u0131 kar\u015f\u0131ya oldu\u011fu zorluklardan Suriye i\u00e7 kesimlerine konu\u015ftu\u011fumdaSava\u015f\u0131n g\u00f6reli olarak sona ermesi ve Suriye&#8217;nin Arap Birli\u011fi \u00fcyeli\u011finin ask\u0131ya al\u0131nmas\u0131n\u0131n kald\u0131r\u0131lmas\u0131yla birlikte, baz\u0131lar\u0131 ekonominin h\u0131zla veya kademeli olarak d\u00fczelece\u011fine inan\u0131yordu. En az\u0131ndan g\u00f6ze \u00e7arpan bir \u015fey olacak, Say\u0131n Ba\u015fkan. Ama bu olmad\u0131, neden? Sizce as\u0131l engel Sezar Yasas\u0131 m\u0131? Ya da engeller nelerdir?<\/p>\n<p style=\"text-align: justify;\"><strong>Cumhurba\u015fkan\u0131 \u00a0Esad:<\/strong><\/p>\n<p style=\"text-align: justify;\">\u2018\u2019Sezar Yasas\u0131 \u015f\u00fcphesiz bir engeldir, ancak bu yasay\u0131 birka\u00e7 \u015fekilde atlatabildik, en b\u00fcy\u00fck engel bu de\u011fil. En b\u00fcy\u00fck engel, altyap\u0131n\u0131n ter\u00f6ristler taraf\u0131ndan tahrip edilmesidir. En b\u00fcy\u00fck engel Suriye&#8217;deki sava\u015f\u0131n herhangi bir yat\u0131r\u0131mc\u0131n\u0131n Suriye pazar\u0131yla ilgilenmesini engelleyen g\u00f6r\u00fcnt\u00fcs\u00fc ve zaman. \u00a0Ekonomi ile, ekonomik ili\u015fkileri haftalar veya aylar i\u00e7inde vurabilir ve yok edebilirsiniz, ancak bunlar\u0131 eski haline getirmek i\u00e7in y\u0131llara da ihtiyac\u0131n\u0131z var. \u00a0Bu d\u00f6n\u00fc\u015f\u00fcn ve normale yak\u0131n g\u00f6r\u00fcnmeye ba\u015flayan bu ili\u015fkilerin aylar i\u00e7inde ekonomik sonu\u00e7lara yol a\u00e7mas\u0131n\u0131 beklemek mant\u0131ks\u0131z ve ger\u00e7ek\u00e7i de\u011fil. Bu mant\u0131ks\u0131zd\u0131r ve bu sonuca varmak i\u00e7in \u00e7ok \u00e7aba ve yorgunluk gerekir.\u2019\u2019<\/p>\n<p style=\"text-align: justify;\"><strong>Yirmiikinci Soru: <\/strong><\/p>\n<p style=\"text-align: justify;\">\u015eu anda siyasi ve ekonomik d\u00fczeylerde k\u00f6t\u00fcle\u015fen bir durumda ya\u015fayan L\u00fcbnan ile ilgili olarak, \u00a0L\u00fcbnan&#8217;daki siyasi krizi sona erdirmek i\u00e7in siyasi m\u00fcdahalede bulundunuz mu? L\u00fcbnan sahnesindeki bu krizi \u00e7\u00f6zmek i\u00e7in aday S\u00fcleyman Franjieh&#8217;i destekliyor musunuz?<\/p>\n<p style=\"text-align: justify;\"><strong>Cumurba\u015fkan\u0131 Esad: <\/strong><\/p>\n<p style=\"text-align: justify;\">\u2018\u2019L\u00fcbnan&#8217;daki krizi \u00e7\u00f6zmek i\u00e7in m\u00fcdahalede bulunmad\u0131\u011f\u0131m\u0131z s\u00fcrece hi\u00e7bir aday\u0131 desteklemekten, hi\u00e7bir aday\u0131n kar\u015f\u0131s\u0131nda durmaktan s\u00f6z edemeyiz. L\u00fcbnanl\u0131lar kendi krizlerini \u00e7\u00f6zme iradesi g\u00f6stermezlerse, ne Suriyeli ne de Suriyeli olmayan hi\u00e7bir d\u0131\u015f taraf L\u00fcbnan krizinin \u00e7\u00f6z\u00fcm\u00fcne yard\u0131mc\u0131 olamaz. Sorun bu, bu y\u00fczden L\u00fcbnanl\u0131lar daha fazla fikir birli\u011fi i\u00e7in zorlanmal\u0131, o zaman bu krize bir \u00e7\u00f6z\u00fcm hakk\u0131nda konu\u015fabiliriz\u2019\u2019<\/p>\n<p style=\"text-align: justify;\"><strong>Yirmi\u00fc\u00e7\u00fcnc\u00fc Soru: <\/strong><\/p>\n<p style=\"text-align: justify;\"><strong>Olaylara ki\u015fisel bak\u0131\u015f a\u00e7\u0131n\u0131za geri d\u00f6n\u00fcyoruz.Suriye on y\u0131l\u0131 a\u015fk\u0131n bir s\u00fcredir bir sava\u015f, bir\u00e7ok zorluk ve nihayet Suriye topraklar\u0131n\u0131n b\u00fcy\u00fck bir b\u00f6l\u00fcm\u00fcn\u00fc vuran deprem ya\u015fad\u0131. Say\u0131n Cumurba\u015fkan\u0131, t\u00fcm bu y\u0131llar boyunca sizi ki\u015fisel olarak hangi tutum etkiledi?<\/strong><\/p>\n<p style=\"text-align: justify;\"><strong>Cumhurba\u015fkan\u0131 Esad<\/strong>: \u2018\u2019Sava\u015f ve deprem&#8230;<\/p>\n<p style=\"text-align: justify;\">Ku\u015fkusuz deprem, Suriye i\u00e7in y\u00fczlerce y\u0131ld\u0131r ya\u015fanmam\u0131\u015f yeni bir durum ve bende bu duyguyu tan\u0131mlaman\u0131n zor oldu\u011fu bir duygu yarat\u0131yor. Ama siz kurtar\u0131labilecekleri kurtarmak i\u00e7in u\u011fra\u015f\u0131rken, g\u00fcnlerce \u00f6l\u00fcm kal\u0131m aras\u0131nda enkaz alt\u0131nda uyuyan insanlar varken, bu insani bir durumdur ve ayr\u0131 bir hu\u015fu vard\u0131r.Ancak genel olarak sava\u015f d\u00fczeyinde, sonsuz say\u0131da insani durum vard\u0131r. Ter\u00f6ristlerin okula gitmeyin emrini reddeden \u00f6\u011fretmen var ve bu nedenle erkek ve kad\u0131n \u00f6\u011fretmenler \u00f6ld\u00fcr\u00fcld\u00fc. Elektri\u011fi tamir etmekte \u0131srar eden ve \u00f6lece\u011fini bile bile \u00f6ld\u00fcr\u00fclen elektrik\u00e7i var vs.\u2019\u2019<\/p>\n<p style=\"text-align: justify;\"><strong>Yirmid\u00f6rd\u00fcnc\u00fc Soru: <\/strong><\/p>\n<p style=\"text-align: justify;\">Suriye&#8217;nin gelece\u011fine gelince Say\u0131n Cumhurba\u015fkan\u0131, baban\u0131z Haf\u0131z Esad&#8217;dan sonra iktidara geldiniz. Daha sonra se\u00e7imlerde ba\u015far\u0131l\u0131 olman\u0131za ra\u011fmen .. O\u011flunuz Haf\u0131z&#8217;\u0131n Suriye&#8217;nin gelece\u011finde siyasi bir rol\u00fc olacak m\u0131?<\/p>\n<p style=\"text-align: justify;\"><strong>Cumhurba\u015fkan\u0131 Esad: <\/strong><\/p>\n<p style=\"text-align: justify;\">\u2018\u2019Birincisi, ki\u015fisel olarak benim i\u00e7in Ba\u015fkan Haf\u0131z Esad&#8217;\u0131n benim cumhurba\u015fkan\u0131 olmamda hi\u00e7bir rol\u00fc yoktu&#8230;\u00c7\u00fcnk\u00fc bana cumhurba\u015fkan\u0131 olabilece\u011fim herhangi bir sivil veya askeri g\u00f6rev verilmedi, onun \u00f6l\u00fcm\u00fcnden sonra parti arac\u0131l\u0131\u011f\u0131yla geldim ve hayat\u0131n\u0131n son haftalar\u0131nda bile onunla bu konuyu tart\u0131\u015fmad\u0131m&#8230;Ve o s\u0131rada hastayd\u0131, ayn\u0131 \u015fey o\u011flumla aram\u0131zdaki ili\u015fki bir aile ili\u015fkisi, onunla bu konular\u0131 konu\u015fmuyorum. Hele ki hen\u00fcz gen\u00e7 ve \u00f6n\u00fcnde bilimsel bir gelecek varken, hen\u00fcz bitirmedi\u011fi bir bilimsel yolu var, bu da arzular\u0131ndan kaynaklan\u0131yor. Bay\u0131nd\u0131rl\u0131k d\u00fczeyine gelince, herhangi bir ki\u015finin kamu hizmetine arzusu olup olmad\u0131\u011f\u0131 ulusal kabul\u00fcne ba\u011fl\u0131d\u0131r. Ama asl\u0131nda, bu detaylar\u0131 onunla ne \u015fimdi ne de sonra konu\u015fmay\u0131 tercih etmiyorum ve istemiyorum. Ama sizi etkileyebilecek en insani durum, sava\u015f s\u0131ras\u0131nda \u015fehit ailelerinin, evlatlar\u0131ndan bir tak\u0131m \u015fehitler veren ve geri kalan o\u011fullar\u0131n\u0131 vatan savunmas\u0131na g\u00f6nderen anne ve baban\u0131n konumudur. Bizim i\u00e7in unutulamayacak insani durumlar vard\u0131r\u2019\u2019.<\/p>\n<p style=\"text-align: justify;\"><strong>Yirimcibr\u015finci Soru:<\/strong><\/p>\n<p style=\"text-align: justify;\"><strong>Sonu\u00e7 olarak Say\u0131n Ba\u015fkan, olaylar\u0131n ba\u015flad\u0131\u011f\u0131 2012 y\u0131l\u0131na kadar geriye gidebilecek olursan\u0131z, b\u00fct\u00fcn bu y\u0131llara bir bak\u0131n. Memnun kalmad\u0131\u011f\u0131n\u0131z halde ald\u0131\u011f\u0131n\u0131z karar nedir, ya da zaman size d\u00f6nse daha farkl\u0131 bir \u015fekilde alaca\u011f\u0131n\u0131z karar nedir? Belki de d\u0131\u015f d\u00fczeyde oldu\u011fu kadar i\u00e7 d\u00fczeyde de \u00f6\u011frenilen deneyim ve derslere bak\u0131ld\u0131\u011f\u0131nda, Say\u0131n Ba\u015fkan?<\/strong><\/p>\n<p style=\"text-align: justify;\"><strong>Cumhurba\u015fkan\u0131 \u00a0Esad:<\/strong><\/p>\n<p style=\"text-align: justify;\">\u2018\u2019Bu soru ki\u015fisel olarak bana s\u0131k s\u0131k sorulmu\u015ftur. Ben de onlara, ald\u0131\u011f\u0131m\u0131z bir\u00e7ok karar\u0131n en ba\u015fta ikna olmad\u0131\u011f\u0131n\u0131 s\u00f6ylersem \u015fa\u015f\u0131raca\u011f\u0131n\u0131z\u0131 s\u00f6yl\u00fcyorum, onlar\u0131 ikna etti\u011fimiz i\u00e7in almad\u0131k. Mesela anayasa ve di\u011fer konularda yap\u0131lan de\u011fi\u015fiklikler, bu \u00f6nlemleri alaca\u011f\u0131z ama yine de sava\u015f devam edecek derdim. G\u00f6steriler bar\u0131\u015f\u00e7\u0131l olarak adland\u0131r\u0131l\u0131yordu ve biz onlar\u0131 ba\u015flang\u0131\u00e7ta bar\u0131\u015f\u00e7\u0131l olarak ele ald\u0131k ve bir\u00e7ok M\u00fcsl\u00fcman Karde\u015fler grubunun ve di\u011ferlerinin bu g\u00f6sterilere kar\u0131\u015ft\u0131\u011f\u0131n\u0131 ve polise ate\u015f etmeye ba\u015flad\u0131\u011f\u0131n\u0131 vb. biliyorduk. Bar\u0131\u015f\u00e7\u0131l olmad\u0131klar\u0131n\u0131 bilmemize ra\u011fmen, onlar\u0131 bar\u0131\u015f\u00e7\u0131l g\u00f6steriler olarak ele ald\u0131k. Sence o zamana geri d\u00f6nsek ayn\u0131 \u015feyi yapar m\u0131y\u0131z? Evet neden? \u00c7\u00fcnk\u00fc konuyu i\u015flemek her zaman sizin ki\u015fisel kanaatlerinizden kaynaklanmaz, insanlar\u0131n konuyu anlamalar\u0131ndan kaynaklan\u0131r. \u00a0Pek \u00e7ok insan bu g\u00f6sterilerin bar\u0131\u015f\u00e7\u0131l oldu\u011funa ve sorunun anayasadan kaynakland\u0131\u011f\u0131na inan\u0131yordu. \u00a0Sorunun ne anayasa ne de bar\u0131\u015f\u00e7\u0131l g\u00f6steriler oldu\u011funu bu insanlara kan\u0131tlamak i\u00e7in bu \u00f6nlemleri almak gerekiyordu. Mesele bundan daha b\u00fcy\u00fck, elbette ikna oldular ama art\u0131k \u00e7ok ge\u00e7ti. Yani evet, ikna olmad\u0131\u011f\u0131m\u0131z bir\u00e7ok \u015fey var ama geri d\u00f6n\u00fcp onlar\u0131 takip edece\u011fiz ve tekrar benimseyece\u011fiz.\u2019\u2019<\/p>\n<p style=\"text-align: justify;\"><strong>Yirmi alt\u0131nc\u0131 Soru: <\/strong><\/p>\n<p style=\"text-align: justify;\">Yurt d\u0131\u015f\u0131 ve ittifaklar konusuna nas\u0131l bak\u0131yorsunuz?<\/p>\n<p style=\"text-align: justify;\"><strong>Cumhurba\u015fkan\u0131 Esad: <\/strong><\/p>\n<p style=\"text-align: justify;\">\u2018\u2019Rusya ile ili\u015fkiler ve \u0130ran ile ili\u015fkiler, Suriye&#8217;nin dostlar\u0131n\u0131 nas\u0131l do\u011fru se\u00e7ece\u011fini bildi\u011fini kan\u0131tlad\u0131.T\u00fcrklerle ili\u015fkilere gelince, \u201cFazla m\u0131 ileri gittik?\u201d diyenler var.T\u00fcrkiye kom\u015fu bir \u00fclke ve onunla ili\u015fkilerimizi geli\u015ftirmeye \u00e7al\u0131\u015fmam\u0131z \u00e7ok do\u011fald\u0131 ve gelecekte T\u00fcrkiye&#8217;nin \u00e7ekilmesinden sonra ili\u015fkileri geli\u015ftirmek i\u00e7in farkl\u0131 ko\u015fullar ortaya \u00e7\u0131karsa, ayn\u0131 politikaya geri d\u00f6nmemiz do\u011fald\u0131r. Kom\u015fularla iyi ili\u015fkiler kurmakt\u0131r, bunlar ilkelerdir, gelip ge\u00e7ici politikalar de\u011fil&#8230;<\/p>\n<p style=\"text-align: justify;\">Cumhurba\u015fkan\u0131 Esad:\u00a0 \u2018\u2019Bu yabanc\u0131la\u015fmay\u0131 biz ba\u015flatmad\u0131k, hi\u00e7bir Arap \u00fclkesine kar\u015f\u0131 herhangi bir eylemde bulunmad\u0131k. \u00a0Arap Ligi&#8217;ne d\u00f6nd\u00fc\u011f\u00fcm\u00fczde bile, ki benim konu\u015fmam\u0131 duymu\u015fsunuzdur, ben hi\u00e7bir partiyi su\u00e7lamad\u0131m, hi\u00e7bir partiye de sormad\u0131m, bunu neden yapt\u0131n\u0131z? Aksine ge\u00e7mi\u015f ge\u00e7mi\u015ftir diyoruz, hep gelece\u011fe bak\u0131yoruz. Ba\u015fka daha iyi bir yol var m\u0131? \u0130zlemenizi tavsiye etmeyi umdu\u011fumuz daha iyi ba\u015fka bir yol varsa buna itiraz\u0131m\u0131z yok. Ama tarihimiz boyunca \u00e7at\u0131\u015fma ve sorun aram\u0131yoruz, bu bizim politikam\u0131z\u0131n bir par\u00e7as\u0131 veya \u00f6z\u00fcd\u00fcr\u2019\u2019<\/p>\n<p style=\"text-align: justify;\"><strong>Spiker<\/strong>: Say\u0131n Ba\u015fkan, Sky News Arabia&#8217;da sizinle g\u00f6r\u00fc\u015fme f\u0131rsat\u0131 verdi\u011finiz i\u00e7in te\u015fekk\u00fcr ederiz.<\/p>\n<p style=\"text-align: justify;\"><strong>Cumhurba\u015fkan\u0131 Esad: <\/strong><\/p>\n<p style=\"text-align: justify;\">Suriye&#8217;ye geldi\u011finiz i\u00e7in tekrar te\u015fekk\u00fcrler, ho\u015f geldiniz.<\/p>\n<p style=\"text-align: justify;\"><strong>Spiker<\/strong>: Te\u015fekk\u00fcrler.<\/p>\n<p style=\"text-align: justify;\">\u0130zleyicilerimiz, buradan, Suriye&#8217;nin ba\u015fkenti \u015eam&#8217;daki Muhacir Saray\u0131&#8217;n\u0131n kalbinden, Suriye Devlet Ba\u015fkan\u0131 Be\u015far Esad ile \u00f6zel bir g\u00f6r\u00fc\u015fmeydi, izledi\u011finiz i\u00e7in te\u015fekk\u00fcrler).<\/p>\n<p style=\"text-align: justify;\"><a href=\"https:\/\/t.me\/SuriyeArapHaberAjansI\">Telegram Kanal\u0131m\u0131z\u00a0<\/a><\/p>\n<p style=\"text-align: justify;\"><a href=\"https:\/\/www.facebook.com\/SANAHaberAjansi\/\">Facebook Sayfam\u0131z<\/a><\/p>\n<p style=\"text-align: justify;\"><a href=\"https:\/\/twitter.com\/arap_ajans\">Twitter Hesab\u0131m\u0131z<\/a><\/p>\n","protected":false},"excerpt":{"rendered":"<p>\u015eAM 09 A\u011fustos (SANA) \u2013 Cumhurba\u015fkan\u0131 Esad,\u00a0 Sky News Arabia ile yapt\u0131\u011f\u0131 r\u00f6portajda, ter\u00f6r\u00fcn Suriye&#8217;deki y\u0131k\u0131m\u0131 ger\u00e7ekle\u015ftirdi\u011fini, sorumlulu\u011fun sald\u0131rgan\u0131n de\u011fil, ter\u00f6r\u00fcn yan\u0131nda yer alan, sava\u015f \u00e7\u0131karmaya niyetlenen, planlayan oldu\u011funu vurgulad\u0131. Say\u0131n Cumhurba\u015fkan\u0131 Esad m\u00fclteciler konusunda yapt\u0131\u011f\u0131 r\u00f6portajda, son y\u0131llarda yar\u0131m milyondan biraz daha az\u0131n\u0131n Suriye&#8217;ye d\u00f6nd\u00fc\u011f\u00fcn\u00fc ve bu d\u00f6n\u00fc\u015f\u00fcn, ya\u015fam ko\u015fullar\u0131n\u0131n ger\u00e7ekli\u011finden dolay\u0131 durdu\u011funu a\u00e7\u0131k\u00e7a &hellip;<\/p>\n","protected":false},"author":41,"featured_media":286085,"comment_status":"closed","ping_status":"closed","sticky":false,"template":"","format":"standard","meta":{"footnotes":""},"categories":[606,605,17988],"tags":[38219],"class_list":["post-286080","post","type-post","status-publish","format-standard","has-post-thumbnail","","category-cumhurbaskani","category-sayin-cumhurbaskani","category-son-haberler","tag-cumhurbaskani-esad"],"_links":{"self":[{"href":"https:\/\/archive.sana.sy\/tr\/index.php?rest_route=\/wp\/v2\/posts\/286080","targetHints":{"allow":["GET"]}}],"collection":[{"href":"https:\/\/archive.sana.sy\/tr\/index.php?rest_route=\/wp\/v2\/posts"}],"about":[{"href":"https:\/\/archive.sana.sy\/tr\/index.php?rest_route=\/wp\/v2\/types\/post"}],"author":[{"embeddable":true,"href":"https:\/\/archive.sana.sy\/tr\/index.php?rest_route=\/wp\/v2\/users\/41"}],"replies":[{"embeddable":true,"href":"https:\/\/archive.sana.sy\/tr\/index.php?rest_route=%2Fwp%2Fv2%2Fcomments&post=286080"}],"version-history":[{"count":11,"href":"https:\/\/archive.sana.sy\/tr\/index.php?rest_route=\/wp\/v2\/posts\/286080\/revisions"}],"predecessor-version":[{"id":286127,"href":"https:\/\/archive.sana.sy\/tr\/index.php?rest_route=\/wp\/v2\/posts\/286080\/revisions\/286127"}],"wp:featuredmedia":[{"embeddable":true,"href":"https:\/\/archive.sana.sy\/tr\/index.php?rest_route=\/wp\/v2\/media\/286085"}],"wp:attachment":[{"href":"https:\/\/archive.sana.sy\/tr\/index.php?rest_route=%2Fwp%2Fv2%2Fmedia&parent=286080"}],"wp:term":[{"taxonomy":"category","embeddable":true,"href":"https:\/\/archive.sana.sy\/tr\/index.php?rest_route=%2Fwp%2Fv2%2Fcategories&post=286080"},{"taxonomy":"post_tag","embeddable":true,"href":"https:\/\/archive.sana.sy\/tr\/index.php?rest_route=%2Fwp%2Fv2%2Ftags&post=286080"}],"curies":[{"name":"wp","href":"https:\/\/api.w.org\/{rel}","templated":true}]}}