{"id":286094,"date":"2023-08-10T09:57:08","date_gmt":"2023-08-10T06:57:08","guid":{"rendered":"https:\/\/sana.sy\/tr\/?p=286094"},"modified":"2023-08-11T08:46:59","modified_gmt":"2023-08-11T05:46:59","slug":"rus-kuvvetleri-moskova-ve-sivastopolda-13-ukrayna-ihayi-dusurdu","status":"publish","type":"post","link":"https:\/\/archive.sana.sy\/tr\/?p=286094","title":{"rendered":"Rus Kuvvetleri, Moskova Ve Sivastopol\u2019da 13 Ukrayna \u0130HA\u2019s\u0131n\u0131 D\u00fc\u015f\u00fcrd\u00fc"},"content":{"rendered":"<p style=\"text-align: justify;\"><strong>MOSKOVA 10 A\u011fustos (SANA) \u2013 <\/strong>Rus hava savunmas\u0131, Moskova ve Sivastopol y\u00f6nlerine sald\u0131rmaya \u00e7al\u0131\u015fan 13 Ukrayna insans\u0131z hava arac\u0131n\u0131 d\u00fc\u015f\u00fcrd\u00fc.<\/p>\n<p style=\"text-align: justify;\">Rusya Savunma Bakanl\u0131\u011f\u0131 bug\u00fcn yapt\u0131\u011f\u0131 a\u00e7\u0131klamada, &#8220;Kiev rejiminin Kaluga ve Moskova b\u00f6lgeleri topraklar\u0131 ile K\u0131r\u0131m&#8217;\u0131n Sivastopol kentine y\u00f6nelik insans\u0131z hava ara\u00e7lar\u0131yla ter\u00f6r sald\u0131r\u0131 giri\u015fimlerini engellendi&#8221; dedi.<\/p>\n<p style=\"text-align: justify;\">Bakanl\u0131k, Rus savunmas\u0131n\u0131n, birincisi Kaluga eyaletindeki Maloyaroslavsky \u00fczerinde ve ikincisi Moskova&#8217;n\u0131n eteklerindeki Odintsovo \u00fczerinde olmak \u00fczere iki \u0130HA&#8217;y\u0131 imha etti\u011fini a\u00e7\u0131klad\u0131.<\/p>\n<p style=\"text-align: justify;\">Bakanl\u0131k ayr\u0131ca, Sivastopol kenti yak\u0131nlar\u0131nda iki \u0130HA ve di\u011fer 9 \u0130HA&#8217;n\u0131n elektronik harp yoluyla imha edildi\u011fini ve tamam\u0131n\u0131n herhangi bir yaralanma veya hasara yol a\u00e7madan Karadeniz&#8217;e d\u00fc\u015ft\u00fcklerini belirtti.<\/p>\n<p><a href=\"https:\/\/t.me\/SuriyeArapHaberAjansI\">Telegram Kanal\u0131m\u0131z\u00a0<\/a><\/p>\n<p><a href=\"https:\/\/www.facebook.com\/SANAHaberAjansi\/\">Facebook Sayfam\u0131z<\/a><\/p>\n<p><a href=\"https:\/\/twitter.com\/arap_ajans\">Twitter Hesab\u0131m\u0131z<\/a><\/p>\n","protected":false},"excerpt":{"rendered":"<p>MOSKOVA 10 A\u011fustos (SANA) \u2013 Rus hava savunmas\u0131, Moskova ve Sivastopol y\u00f6nlerine sald\u0131rmaya \u00e7al\u0131\u015fan 13 Ukrayna insans\u0131z hava arac\u0131n\u0131 d\u00fc\u015f\u00fcrd\u00fc. Rusya Savunma Bakanl\u0131\u011f\u0131 bug\u00fcn yapt\u0131\u011f\u0131 a\u00e7\u0131klamada, &#8220;Kiev rejiminin Kaluga ve Moskova b\u00f6lgeleri topraklar\u0131 ile K\u0131r\u0131m&#8217;\u0131n Sivastopol kentine y\u00f6nelik insans\u0131z hava ara\u00e7lar\u0131yla ter\u00f6r sald\u0131r\u0131 giri\u015fimlerini engellendi&#8221; dedi. Bakanl\u0131k, Rus savunmas\u0131n\u0131n, birincisi Kaluga eyaletindeki Maloyaroslavsky \u00fczerinde ve &hellip;<\/p>\n","protected":false},"author":39,"featured_media":286095,"comment_status":"closed","ping_status":"closed","sticky":false,"template":"","format":"standard","meta":{"footnotes":""},"categories":[458,459,17988],"tags":[39178,17036,39177],"class_list":["post-286094","post","type-post","status-publish","format-standard","has-post-thumbnail","","category-dunya1","category-haberler-arap-uluslararasi-politika","category-son-haberler","tag-kiev-rejimini","tag-moskova","tag-moskova-ve-sivastopol"],"_links":{"self":[{"href":"https:\/\/archive.sana.sy\/tr\/index.php?rest_route=\/wp\/v2\/posts\/286094","targetHints":{"allow":["GET"]}}],"collection":[{"href":"https:\/\/archive.sana.sy\/tr\/index.php?rest_route=\/wp\/v2\/posts"}],"about":[{"href":"https:\/\/archive.sana.sy\/tr\/index.php?rest_route=\/wp\/v2\/types\/post"}],"author":[{"embeddable":true,"href":"https:\/\/archive.sana.sy\/tr\/index.php?rest_route=\/wp\/v2\/users\/39"}],"replies":[{"embeddable":true,"href":"https:\/\/archive.sana.sy\/tr\/index.php?rest_route=%2Fwp%2Fv2%2Fcomments&post=286094"}],"version-history":[{"count":2,"href":"https:\/\/archive.sana.sy\/tr\/index.php?rest_route=\/wp\/v2\/posts\/286094\/revisions"}],"predecessor-version":[{"id":286097,"href":"https:\/\/archive.sana.sy\/tr\/index.php?rest_route=\/wp\/v2\/posts\/286094\/revisions\/286097"}],"wp:featuredmedia":[{"embeddable":true,"href":"https:\/\/archive.sana.sy\/tr\/index.php?rest_route=\/wp\/v2\/media\/286095"}],"wp:attachment":[{"href":"https:\/\/archive.sana.sy\/tr\/index.php?rest_route=%2Fwp%2Fv2%2Fmedia&parent=286094"}],"wp:term":[{"taxonomy":"category","embeddable":true,"href":"https:\/\/archive.sana.sy\/tr\/index.php?rest_route=%2Fwp%2Fv2%2Fcategories&post=286094"},{"taxonomy":"post_tag","embeddable":true,"href":"https:\/\/archive.sana.sy\/tr\/index.php?rest_route=%2Fwp%2Fv2%2Ftags&post=286094"}],"curies":[{"name":"wp","href":"https:\/\/api.w.org\/{rel}","templated":true}]}}