{"id":286098,"date":"2023-08-10T09:00:28","date_gmt":"2023-08-10T06:00:28","guid":{"rendered":"https:\/\/sana.sy\/tr\/?p=286098"},"modified":"2023-08-11T08:46:49","modified_gmt":"2023-08-11T05:46:49","slug":"ulusal-deprem-merkezi-son-24-saat-icinde-7-depem-kaydedildi","status":"publish","type":"post","link":"https:\/\/archive.sana.sy\/tr\/?p=286098","title":{"rendered":"Ulusal Deprem Merkezi: Son 24 Saat \u0130\u00e7inde 7 Depem Kaydedildi"},"content":{"rendered":"<p style=\"text-align: justify;\"><strong>\u015eAM 10 A\u011fustos (SANA)<\/strong>&#8211; Ulusal Sismoloji Merkezi, son 24 saat i\u00e7inde 7 zay\u0131f ve orta \u015fiddette depremin kaydedildi\u011fini a\u00e7\u0131klad\u0131.<\/p>\n<p style=\"text-align: justify;\">Merkezden bug\u00fcn bir \u00f6rne\u011finin\u00a0 SANA&#8217;ya ula\u015ft\u0131\u011f\u0131 \u00a0a\u00e7\u0131klamas\u0131nda, ulusal sismik izleme a\u011f\u0131n\u0131n istasyonlar\u0131nda \u0130skenderun&#8217;da 2, T\u00fcrkiye&#8217;de 3, L\u00fcbnan&#8217;\u0131n kuzeyinde ve K\u0131br\u0131s&#8217;ta bir deprem olmak \u00fczere 7 deprem kaydedildi\u011fini belirtildi.<\/p>\n<p><a href=\"https:\/\/t.me\/SuriyeArapHaberAjansI\">Telegram Kanal\u0131m\u0131z\u00a0<\/a><\/p>\n<p><a href=\"https:\/\/www.facebook.com\/SANAHaberAjansi\/\">Facebook Sayfam\u0131z<\/a><\/p>\n<p><a href=\"https:\/\/twitter.com\/arap_ajans\">Twitter Hesab\u0131m\u0131z<\/a><\/p>\n","protected":false},"excerpt":{"rendered":"<p>\u015eAM 10 A\u011fustos (SANA)&#8211; Ulusal Sismoloji Merkezi, son 24 saat i\u00e7inde 7 zay\u0131f ve orta \u015fiddette depremin kaydedildi\u011fini a\u00e7\u0131klad\u0131. Merkezden bug\u00fcn bir \u00f6rne\u011finin\u00a0 SANA&#8217;ya ula\u015ft\u0131\u011f\u0131 \u00a0a\u00e7\u0131klamas\u0131nda, ulusal sismik izleme a\u011f\u0131n\u0131n istasyonlar\u0131nda \u0130skenderun&#8217;da 2, T\u00fcrkiye&#8217;de 3, L\u00fcbnan&#8217;\u0131n kuzeyinde ve K\u0131br\u0131s&#8217;ta bir deprem olmak \u00fczere 7 deprem kaydedildi\u011fini belirtildi. Telegram Kanal\u0131m\u0131z\u00a0 Facebook Sayfam\u0131z Twitter Hesab\u0131m\u0131z<\/p>\n","protected":false},"author":39,"featured_media":286099,"comment_status":"closed","ping_status":"closed","sticky":false,"template":"","format":"standard","meta":{"footnotes":""},"categories":[479,17988,478],"tags":[8271,7321,38302,19043],"class_list":["post-286098","post","type-post","status-publish","format-standard","has-post-thumbnail","","category-haberler-yerel","category-son-haberler","category-yerel","tag-kibris","tag-lubnan","tag-suriyede-deprem","tag-suriyede-son-durum"],"_links":{"self":[{"href":"https:\/\/archive.sana.sy\/tr\/index.php?rest_route=\/wp\/v2\/posts\/286098","targetHints":{"allow":["GET"]}}],"collection":[{"href":"https:\/\/archive.sana.sy\/tr\/index.php?rest_route=\/wp\/v2\/posts"}],"about":[{"href":"https:\/\/archive.sana.sy\/tr\/index.php?rest_route=\/wp\/v2\/types\/post"}],"author":[{"embeddable":true,"href":"https:\/\/archive.sana.sy\/tr\/index.php?rest_route=\/wp\/v2\/users\/39"}],"replies":[{"embeddable":true,"href":"https:\/\/archive.sana.sy\/tr\/index.php?rest_route=%2Fwp%2Fv2%2Fcomments&post=286098"}],"version-history":[{"count":2,"href":"https:\/\/archive.sana.sy\/tr\/index.php?rest_route=\/wp\/v2\/posts\/286098\/revisions"}],"predecessor-version":[{"id":286118,"href":"https:\/\/archive.sana.sy\/tr\/index.php?rest_route=\/wp\/v2\/posts\/286098\/revisions\/286118"}],"wp:featuredmedia":[{"embeddable":true,"href":"https:\/\/archive.sana.sy\/tr\/index.php?rest_route=\/wp\/v2\/media\/286099"}],"wp:attachment":[{"href":"https:\/\/archive.sana.sy\/tr\/index.php?rest_route=%2Fwp%2Fv2%2Fmedia&parent=286098"}],"wp:term":[{"taxonomy":"category","embeddable":true,"href":"https:\/\/archive.sana.sy\/tr\/index.php?rest_route=%2Fwp%2Fv2%2Fcategories&post=286098"},{"taxonomy":"post_tag","embeddable":true,"href":"https:\/\/archive.sana.sy\/tr\/index.php?rest_route=%2Fwp%2Fv2%2Ftags&post=286098"}],"curies":[{"name":"wp","href":"https:\/\/api.w.org\/{rel}","templated":true}]}}