{"id":286109,"date":"2023-08-10T09:03:47","date_gmt":"2023-08-10T06:03:47","guid":{"rendered":"https:\/\/sana.sy\/tr\/?p=286109"},"modified":"2023-08-11T08:46:52","modified_gmt":"2023-08-11T05:46:52","slug":"israil-isgal-guclerinin-bati-serianin-farkli-bolgelerine-duzenledigi-baskinda-bir-filistinli-sehit-dustu-ve-digerleri-tutuklandi","status":"publish","type":"post","link":"https:\/\/archive.sana.sy\/tr\/?p=286109","title":{"rendered":"\u0130srail \u0130\u015fgal G\u00fc\u00e7lerinin Bat\u0131 \u015eeria&#8217;n\u0131n Farkl\u0131\u00a0B\u00f6lgelerine D\u00fczenledi\u011fi Bask\u0131nda Bir Filistinli \u015eehit D\u00fc\u015ft\u00fc Ve Di\u011ferleri Tutukland\u0131"},"content":{"rendered":"<p style=\"text-align: justify;\"><strong>\u0130\u015eGAL ED\u0130LEN KUD\u00dcS 10 A\u011fustos (SANA) &#8211; <\/strong>\u0130srail i\u015fgal g\u00fc\u00e7lerinin bug\u00fcn Bat\u0131 \u015eeria&#8217;da farkl\u0131 b\u00f6lgelerine d\u00fczenledi\u011fi bask\u0131nda bir Filistinli \u015fehit d\u00fc\u015ft\u00fc ve di\u011ferleri tutukland\u0131.<\/p>\n<p style=\"text-align: justify;\">WAFA Haber Ajans\u0131, i\u015fgal g\u00fc\u00e7lerinin Nablus&#8217;un bat\u0131s\u0131ndaki Zuvata kasabas\u0131na ate\u015f a\u00e7arak 27 ya\u015f\u0131ndaki Emir Halifa&#8217;n\u0131n \u015fehit d\u00fc\u015fmesine yol a\u00e7t\u0131\u011f\u0131n\u0131 belirtti.<\/p>\n<p style=\"text-align: justify;\">Ajans ayr\u0131ca, \u0130\u015fgal g\u00fc\u00e7lerinin Eriha&#8217;daki Akabat Cabir kamp\u0131ndaki birka\u00e7 mahalleye, Salfit&#8217;teki Brukin ve Ramallah&#8217;taki Beyt Rima kasabalar\u0131na bask\u0131n d\u00fczenledi\u011fini ve d\u00f6rt Filistinliyi tutuklad\u0131\u011f\u0131na i\u015faret etti.<\/p>\n<p>&nbsp;<\/p>\n","protected":false},"excerpt":{"rendered":"<p>\u0130\u015eGAL ED\u0130LEN KUD\u00dcS 10 A\u011fustos (SANA) &#8211; \u0130srail i\u015fgal g\u00fc\u00e7lerinin bug\u00fcn Bat\u0131 \u015eeria&#8217;da farkl\u0131 b\u00f6lgelerine d\u00fczenledi\u011fi bask\u0131nda bir Filistinli \u015fehit d\u00fc\u015ft\u00fc ve di\u011ferleri tutukland\u0131. WAFA Haber Ajans\u0131, i\u015fgal g\u00fc\u00e7lerinin Nablus&#8217;un bat\u0131s\u0131ndaki Zuvata kasabas\u0131na ate\u015f a\u00e7arak 27 ya\u015f\u0131ndaki Emir Halifa&#8217;n\u0131n \u015fehit d\u00fc\u015fmesine yol a\u00e7t\u0131\u011f\u0131n\u0131 belirtti. Ajans ayr\u0131ca, \u0130\u015fgal g\u00fc\u00e7lerinin Eriha&#8217;daki Akabat Cabir kamp\u0131ndaki birka\u00e7 mahalleye, Salfit&#8217;teki &hellip;<\/p>\n","protected":false},"author":39,"featured_media":286110,"comment_status":"closed","ping_status":"closed","sticky":false,"template":"","format":"standard","meta":{"footnotes":""},"categories":[458,459,17988],"tags":[38467,38550],"class_list":["post-286109","post","type-post","status-publish","format-standard","has-post-thumbnail","","category-dunya1","category-haberler-arap-uluslararasi-politika","category-son-haberler","tag-bati-seria","tag-wafa-haber-ajansi"],"_links":{"self":[{"href":"https:\/\/archive.sana.sy\/tr\/index.php?rest_route=\/wp\/v2\/posts\/286109","targetHints":{"allow":["GET"]}}],"collection":[{"href":"https:\/\/archive.sana.sy\/tr\/index.php?rest_route=\/wp\/v2\/posts"}],"about":[{"href":"https:\/\/archive.sana.sy\/tr\/index.php?rest_route=\/wp\/v2\/types\/post"}],"author":[{"embeddable":true,"href":"https:\/\/archive.sana.sy\/tr\/index.php?rest_route=\/wp\/v2\/users\/39"}],"replies":[{"embeddable":true,"href":"https:\/\/archive.sana.sy\/tr\/index.php?rest_route=%2Fwp%2Fv2%2Fcomments&post=286109"}],"version-history":[{"count":2,"href":"https:\/\/archive.sana.sy\/tr\/index.php?rest_route=\/wp\/v2\/posts\/286109\/revisions"}],"predecessor-version":[{"id":286112,"href":"https:\/\/archive.sana.sy\/tr\/index.php?rest_route=\/wp\/v2\/posts\/286109\/revisions\/286112"}],"wp:featuredmedia":[{"embeddable":true,"href":"https:\/\/archive.sana.sy\/tr\/index.php?rest_route=\/wp\/v2\/media\/286110"}],"wp:attachment":[{"href":"https:\/\/archive.sana.sy\/tr\/index.php?rest_route=%2Fwp%2Fv2%2Fmedia&parent=286109"}],"wp:term":[{"taxonomy":"category","embeddable":true,"href":"https:\/\/archive.sana.sy\/tr\/index.php?rest_route=%2Fwp%2Fv2%2Fcategories&post=286109"},{"taxonomy":"post_tag","embeddable":true,"href":"https:\/\/archive.sana.sy\/tr\/index.php?rest_route=%2Fwp%2Fv2%2Ftags&post=286109"}],"curies":[{"name":"wp","href":"https:\/\/api.w.org\/{rel}","templated":true}]}}