{"id":286128,"date":"2023-08-10T17:48:20","date_gmt":"2023-08-10T14:48:20","guid":{"rendered":"https:\/\/sana.sy\/tr\/?p=286128"},"modified":"2023-08-12T09:19:36","modified_gmt":"2023-08-12T06:19:36","slug":"turkiyenin-guneydogusunda-4-2-buyuklugunde-deprem","status":"publish","type":"post","link":"https:\/\/archive.sana.sy\/tr\/?p=286128","title":{"rendered":"T\u00fcrkiye&#8217;nin G\u00fcneydo\u011fusunda 4.2\u00a0 B\u00fcy\u00fckl\u00fc\u011f\u00fcnde Deprem"},"content":{"rendered":"<p style=\"text-align: justify;\"><strong>ANKARA 10 A\u011fustos (SANA)<\/strong> &#8211; T\u00fcrkiye&#8217;nin g\u00fcneydo\u011fusundaki Diyarbak\u0131r&#8217;da bug\u00fcn Richter \u00f6l\u00e7e\u011fine g\u00f6re 4,2 b\u00fcy\u00fckl\u00fc\u011f\u00fcnde bir deprem meydana geldi.<\/p>\n<p style=\"text-align: justify;\">Afet ve Acil Durum Y\u00f6netimi Ba\u015fkanl\u0131\u011f\u0131 (AFAD) taraf\u0131ndan yap\u0131lan a\u00e7\u0131klamada, depremin merkez \u00fcss\u00fcn\u00fcn yer seviyesinden 16.81 km derinlikteki Hani b\u00f6lgesinde oldu\u011fu belirtildi.<\/p>\n<p style=\"text-align: justify;\">A\u00e7\u0131klamada, deprem nedeniyle hasar veya yaralanma oldu\u011funa dair herhangi bir bilgi al\u0131namad\u0131\u011f\u0131 belirtildi.<\/p>\n<p style=\"text-align: justify;\"><a href=\"https:\/\/t.me\/SuriyeArapHaberAjansI\">Telegram Kanal\u0131m\u0131z\u00a0<\/a><\/p>\n<p style=\"text-align: justify;\"><a href=\"https:\/\/www.facebook.com\/SANAHaberAjansi\/\">Facebook Sayfam\u0131z<\/a><\/p>\n<p style=\"text-align: justify;\"><a href=\"https:\/\/twitter.com\/arap_ajans\">Twitter Hesab\u0131m\u0131z<\/a><\/p>\n","protected":false},"excerpt":{"rendered":"<p>ANKARA 10 A\u011fustos (SANA) &#8211; T\u00fcrkiye&#8217;nin g\u00fcneydo\u011fusundaki Diyarbak\u0131r&#8217;da bug\u00fcn Richter \u00f6l\u00e7e\u011fine g\u00f6re 4,2 b\u00fcy\u00fckl\u00fc\u011f\u00fcnde bir deprem meydana geldi. Afet ve Acil Durum Y\u00f6netimi Ba\u015fkanl\u0131\u011f\u0131 (AFAD) taraf\u0131ndan yap\u0131lan a\u00e7\u0131klamada, depremin merkez \u00fcss\u00fcn\u00fcn yer seviyesinden 16.81 km derinlikteki Hani b\u00f6lgesinde oldu\u011fu belirtildi. A\u00e7\u0131klamada, deprem nedeniyle hasar veya yaralanma oldu\u011funa dair herhangi bir bilgi al\u0131namad\u0131\u011f\u0131 belirtildi. Telegram Kanal\u0131m\u0131z\u00a0 &hellip;<\/p>\n","protected":false},"author":41,"featured_media":286129,"comment_status":"closed","ping_status":"closed","sticky":false,"template":"","format":"standard","meta":{"footnotes":""},"categories":[458,459,17988],"tags":[39181,39182,39180,39179],"class_list":["post-286128","post","type-post","status-publish","format-standard","has-post-thumbnail","","category-dunya1","category-haberler-arap-uluslararasi-politika","category-son-haberler","tag-afad","tag-afet-ve-acil-durum-yonetimi-baskanligi-afad","tag-diyarbakir","tag-turkiyenin-guneydogusunda-4-2-buyuklugunde-deprem"],"_links":{"self":[{"href":"https:\/\/archive.sana.sy\/tr\/index.php?rest_route=\/wp\/v2\/posts\/286128","targetHints":{"allow":["GET"]}}],"collection":[{"href":"https:\/\/archive.sana.sy\/tr\/index.php?rest_route=\/wp\/v2\/posts"}],"about":[{"href":"https:\/\/archive.sana.sy\/tr\/index.php?rest_route=\/wp\/v2\/types\/post"}],"author":[{"embeddable":true,"href":"https:\/\/archive.sana.sy\/tr\/index.php?rest_route=\/wp\/v2\/users\/41"}],"replies":[{"embeddable":true,"href":"https:\/\/archive.sana.sy\/tr\/index.php?rest_route=%2Fwp%2Fv2%2Fcomments&post=286128"}],"version-history":[{"count":1,"href":"https:\/\/archive.sana.sy\/tr\/index.php?rest_route=\/wp\/v2\/posts\/286128\/revisions"}],"predecessor-version":[{"id":286130,"href":"https:\/\/archive.sana.sy\/tr\/index.php?rest_route=\/wp\/v2\/posts\/286128\/revisions\/286130"}],"wp:featuredmedia":[{"embeddable":true,"href":"https:\/\/archive.sana.sy\/tr\/index.php?rest_route=\/wp\/v2\/media\/286129"}],"wp:attachment":[{"href":"https:\/\/archive.sana.sy\/tr\/index.php?rest_route=%2Fwp%2Fv2%2Fmedia&parent=286128"}],"wp:term":[{"taxonomy":"category","embeddable":true,"href":"https:\/\/archive.sana.sy\/tr\/index.php?rest_route=%2Fwp%2Fv2%2Fcategories&post=286128"},{"taxonomy":"post_tag","embeddable":true,"href":"https:\/\/archive.sana.sy\/tr\/index.php?rest_route=%2Fwp%2Fv2%2Ftags&post=286128"}],"curies":[{"name":"wp","href":"https:\/\/api.w.org\/{rel}","templated":true}]}}