{"id":286131,"date":"2023-08-10T09:57:08","date_gmt":"2023-08-10T06:57:08","guid":{"rendered":"https:\/\/sana.sy\/tr\/?p=286131"},"modified":"2023-08-11T08:46:56","modified_gmt":"2023-08-11T05:46:56","slug":"inter-miami-taraftarlarina-sok-messinin-amerika-ligindeki-ilk-maci-ertelendi","status":"publish","type":"post","link":"https:\/\/archive.sana.sy\/tr\/?p=286131","title":{"rendered":"Inter Miami Taraftarlar\u0131na \u015eok&#8230; Messi&#8217;nin Amerika Ligi&#8217;ndeki \u0130lk Ma\u00e7\u0131 Ertelendi"},"content":{"rendered":"<p style=\"text-align: justify;\"><strong>M\u0130AM\u0130 10 <\/strong><strong>A\u011fustos (SANA)<\/strong> &#8211; Amerikan Ligi yetkilileri, Lionel Messi&#8217;nin tak\u0131m\u0131 Inter Miami&#8217;nin Amerikan-Meksika Ligi Kupas\u0131&#8217;nda \u00e7eyrek finale y\u00fckselmesi nedeniyle yerel ligdeki start\u0131n\u0131n bir s\u00fcre ertelenece\u011fini a\u00e7\u0131klad\u0131.<\/p>\n<p style=\"text-align: justify;\">Inter Miami, Amerikan Ligi 2023 sezonunda Do\u011fu B\u00f6lgesi normal liginin 23. haftas\u0131nda 20 A\u011fustos&#8217;ta Charlotte FC ile oynayaca\u011f\u0131 ma\u00e7\u0131n ertelendi\u011fini resmen duyurdu.<\/p>\n<p style=\"text-align: justify;\">Inter Miami&#8217;nin Twitter hesab\u0131ndan yapt\u0131\u011f\u0131 a\u00e7\u0131klamada ise \u015fu ifadelere yer verildi: &#8220;20 A\u011fustos&#8217;ta yap\u0131lmas\u0131 planlanan Charlotte FC ile normal sezon ma\u00e7\u0131m\u0131z, MLS Kupas\u0131&#8217;ndaki ilerleme nedeniyle ileri bir tarihe ertelendi.&#8221;<\/p>\n<p style=\"text-align: justify;\">Inter Niami ayr\u0131ca, &#8220;20 A\u011fustos&#8217;ta yap\u0131lmas\u0131 planlanan ma\u00e7 i\u00e7in al\u0131nan biletler, ma\u00e7\u0131n oynanaca\u011f\u0131 yeni tarihte normal olarak kullan\u0131lacakt\u0131r.&#8221; ifadelerini kulland\u0131.<\/p>\n<p><a href=\"https:\/\/t.me\/SuriyeArapHaberAjansI\">Telegram Kanal\u0131m\u0131z\u00a0<\/a><\/p>\n<p><a href=\"https:\/\/www.facebook.com\/SANAHaberAjansi\/\">Facebook Sayfam\u0131z<\/a><\/p>\n<p><a href=\"https:\/\/twitter.com\/arap_ajans\">Twitter Hesab\u0131m\u0131z<\/a><\/p>\n","protected":false},"excerpt":{"rendered":"<p>M\u0130AM\u0130 10 A\u011fustos (SANA) &#8211; Amerikan Ligi yetkilileri, Lionel Messi&#8217;nin tak\u0131m\u0131 Inter Miami&#8217;nin Amerikan-Meksika Ligi Kupas\u0131&#8217;nda \u00e7eyrek finale y\u00fckselmesi nedeniyle yerel ligdeki start\u0131n\u0131n bir s\u00fcre ertelenece\u011fini a\u00e7\u0131klad\u0131. Inter Miami, Amerikan Ligi 2023 sezonunda Do\u011fu B\u00f6lgesi normal liginin 23. haftas\u0131nda 20 A\u011fustos&#8217;ta Charlotte FC ile oynayaca\u011f\u0131 ma\u00e7\u0131n ertelendi\u011fini resmen duyurdu. Inter Miami&#8217;nin Twitter hesab\u0131ndan yapt\u0131\u011f\u0131 a\u00e7\u0131klamada &hellip;<\/p>\n","protected":false},"author":41,"featured_media":286132,"comment_status":"closed","ping_status":"closed","sticky":false,"template":"","format":"standard","meta":{"footnotes":""},"categories":[458,498,459,17988,496],"tags":[38821,39184,39183],"class_list":["post-286131","post","type-post","status-publish","format-standard","has-post-thumbnail","","category-dunya1","category-dunya-turnuvalari","category-haberler-arap-uluslararasi-politika","category-son-haberler","category-spor","tag-inter-miami","tag-inter-miami-taraftarlarina-sok-messinin-amerika-ligindeki-ilk-maci-ertelendi","tag-meksika-ligi-kupasi"],"_links":{"self":[{"href":"https:\/\/archive.sana.sy\/tr\/index.php?rest_route=\/wp\/v2\/posts\/286131","targetHints":{"allow":["GET"]}}],"collection":[{"href":"https:\/\/archive.sana.sy\/tr\/index.php?rest_route=\/wp\/v2\/posts"}],"about":[{"href":"https:\/\/archive.sana.sy\/tr\/index.php?rest_route=\/wp\/v2\/types\/post"}],"author":[{"embeddable":true,"href":"https:\/\/archive.sana.sy\/tr\/index.php?rest_route=\/wp\/v2\/users\/41"}],"replies":[{"embeddable":true,"href":"https:\/\/archive.sana.sy\/tr\/index.php?rest_route=%2Fwp%2Fv2%2Fcomments&post=286131"}],"version-history":[{"count":1,"href":"https:\/\/archive.sana.sy\/tr\/index.php?rest_route=\/wp\/v2\/posts\/286131\/revisions"}],"predecessor-version":[{"id":286133,"href":"https:\/\/archive.sana.sy\/tr\/index.php?rest_route=\/wp\/v2\/posts\/286131\/revisions\/286133"}],"wp:featuredmedia":[{"embeddable":true,"href":"https:\/\/archive.sana.sy\/tr\/index.php?rest_route=\/wp\/v2\/media\/286132"}],"wp:attachment":[{"href":"https:\/\/archive.sana.sy\/tr\/index.php?rest_route=%2Fwp%2Fv2%2Fmedia&parent=286131"}],"wp:term":[{"taxonomy":"category","embeddable":true,"href":"https:\/\/archive.sana.sy\/tr\/index.php?rest_route=%2Fwp%2Fv2%2Fcategories&post=286131"},{"taxonomy":"post_tag","embeddable":true,"href":"https:\/\/archive.sana.sy\/tr\/index.php?rest_route=%2Fwp%2Fv2%2Ftags&post=286131"}],"curies":[{"name":"wp","href":"https:\/\/api.w.org\/{rel}","templated":true}]}}