{"id":286134,"date":"2023-08-10T18:15:46","date_gmt":"2023-08-10T15:15:46","guid":{"rendered":"https:\/\/sana.sy\/tr\/?p=286134"},"modified":"2023-08-10T18:17:20","modified_gmt":"2023-08-10T15:17:20","slug":"sabbagtan-cezayir-buyukelcisine-iki-kardes-halkin-cikarlarina-hizmet-etmek-icin-parlamenter-diplomasinin-rolunu-guclendirmenin-onemi","status":"publish","type":"post","link":"https:\/\/archive.sana.sy\/tr\/?p=286134","title":{"rendered":"Sabba\u011f, Cezayir B\u00fcy\u00fckel\u00e7isine  Parlamenter Diplomasinin Rol\u00fcn\u00fc G\u00fc\u00e7lendirmenin \u00d6nemini Vurgulad\u0131"},"content":{"rendered":"<p style=\"text-align: justify;\"><strong>\u015eAM 10 A\u011fustos (SANA)<\/strong> \u2013 Meclis Ba\u015fkan\u0131 Hammuda Sabba\u011f, bug\u00fcn Meclis binas\u0131nda Cezayir Demokratik Halk Cumhuriyeti&#8217;nin Suriye&#8217;deki Tam Yetkili ve Ola\u011fan\u00fcst\u00fc B\u00fcy\u00fckel\u00e7isi Kamal Bu\u015fama ile bir araya geldi.<\/p>\n<p style=\"text-align: justify;\">Sabba\u011f, \u00f6zellikle parlamento \u00e7al\u0131\u015fmalar\u0131 alan\u0131nda, deneyim ve ziyaret al\u0131\u015fveri\u015finde bulunmak, b\u00f6lgesel ve uluslararas\u0131 forumlarda pozisyonlar\u0131 koordine etmek ve birle\u015ftirmek a\u00e7\u0131s\u0131ndan iki \u00fclke aras\u0131ndaki karde\u015f\u00e7e ili\u015fkilerin geli\u015ftirilmesinin \u00f6nemini vurgulayarak, Cezayir&#8217;in Suriye&#8217;yi ve hakl\u0131 davalar\u0131n\u0131 destekleme konusundaki onurlu ve kararl\u0131 duru\u015funu, \u00f6zellikle de ge\u00e7en \u015eubat ay\u0131nda baz\u0131 Suriye vilayetlerini vuran depremden etkilenenlere yard\u0131m\u0131n\u0131 takdir etti.<\/p>\n<p style=\"text-align: justify;\">Bu\u015fama ise, Suriye halk\u0131n\u0131n i\u00e7inde bulundu\u011fu \u00e7ileyi sebat\u0131, topra\u011f\u0131na ba\u011fl\u0131l\u0131\u011f\u0131 ve m\u00fcdafaas\u0131 sayesinde a\u015faca\u011f\u0131n\u0131, Bat\u0131&#8217;n\u0131n Suriye&#8217;nin birli\u011fini, egemenli\u011fini ve ba\u011f\u0131ms\u0131z kararlar\u0131n\u0131 baltalamaya y\u00f6nelik t\u00fcm planlar\u0131n\u0131n bo\u015fa \u00e7\u0131kaca\u011f\u0131n\u0131 belirtti.<\/p>\n<p style=\"text-align: justify;\">B\u00fcy\u00fckel\u00e7i Bu\u015fama ayr\u0131ca, en \u00fcst d\u00fczeyde ortak i\u015fbirli\u011fine ula\u015fmak amac\u0131yla iki karde\u015f \u00fclke aras\u0131ndaki parlamenter heyet ziyaretlerinin art\u0131r\u0131lmas\u0131 \u00e7a\u011fr\u0131s\u0131nda bulundu.<\/p>\n<p><a href=\"https:\/\/t.me\/SuriyeArapHaberAjansI\">Telegram Kanal\u0131m\u0131z\u00a0<\/a><\/p>\n<p><a href=\"https:\/\/www.facebook.com\/SANAHaberAjansi\/\">Facebook Sayfam\u0131z<\/a><\/p>\n<p><a href=\"https:\/\/twitter.com\/arap_ajans\">Twitter Hesab\u0131m\u0131z<\/a><\/p>\n","protected":false},"excerpt":{"rendered":"<p>\u015eAM 10 A\u011fustos (SANA) \u2013 Meclis Ba\u015fkan\u0131 Hammuda Sabba\u011f, bug\u00fcn Meclis binas\u0131nda Cezayir Demokratik Halk Cumhuriyeti&#8217;nin Suriye&#8217;deki Tam Yetkili ve Ola\u011fan\u00fcst\u00fc B\u00fcy\u00fckel\u00e7isi Kamal Bu\u015fama ile bir araya geldi. Sabba\u011f, \u00f6zellikle parlamento \u00e7al\u0131\u015fmalar\u0131 alan\u0131nda, deneyim ve ziyaret al\u0131\u015fveri\u015finde bulunmak, b\u00f6lgesel ve uluslararas\u0131 forumlarda pozisyonlar\u0131 koordine etmek ve birle\u015ftirmek a\u00e7\u0131s\u0131ndan iki \u00fclke aras\u0131ndaki karde\u015f\u00e7e ili\u015fkilerin geli\u015ftirilmesinin \u00f6nemini &hellip;<\/p>\n","protected":false},"author":41,"featured_media":286135,"comment_status":"closed","ping_status":"closed","sticky":false,"template":"","format":"standard","meta":{"footnotes":""},"categories":[458,479,459,17988,478],"tags":[39185,39187,39186,19043,38641,22182],"class_list":["post-286134","post","type-post","status-publish","format-standard","has-post-thumbnail","","category-dunya1","category-haberler-yerel","category-haberler-arap-uluslararasi-politika","category-son-haberler","category-yerel","tag-cezayir-ve-suriye-iliskileri","tag-ezayir-demokratik-halk-cumhuriyeti","tag-suriye-ile-arap-ulkeleri-arasindaki-iliskiler","tag-suriyede-son-durum","tag-suriyede-son-gelimeler","tag-suriyede-savas"],"_links":{"self":[{"href":"https:\/\/archive.sana.sy\/tr\/index.php?rest_route=\/wp\/v2\/posts\/286134","targetHints":{"allow":["GET"]}}],"collection":[{"href":"https:\/\/archive.sana.sy\/tr\/index.php?rest_route=\/wp\/v2\/posts"}],"about":[{"href":"https:\/\/archive.sana.sy\/tr\/index.php?rest_route=\/wp\/v2\/types\/post"}],"author":[{"embeddable":true,"href":"https:\/\/archive.sana.sy\/tr\/index.php?rest_route=\/wp\/v2\/users\/41"}],"replies":[{"embeddable":true,"href":"https:\/\/archive.sana.sy\/tr\/index.php?rest_route=%2Fwp%2Fv2%2Fcomments&post=286134"}],"version-history":[{"count":3,"href":"https:\/\/archive.sana.sy\/tr\/index.php?rest_route=\/wp\/v2\/posts\/286134\/revisions"}],"predecessor-version":[{"id":286138,"href":"https:\/\/archive.sana.sy\/tr\/index.php?rest_route=\/wp\/v2\/posts\/286134\/revisions\/286138"}],"wp:featuredmedia":[{"embeddable":true,"href":"https:\/\/archive.sana.sy\/tr\/index.php?rest_route=\/wp\/v2\/media\/286135"}],"wp:attachment":[{"href":"https:\/\/archive.sana.sy\/tr\/index.php?rest_route=%2Fwp%2Fv2%2Fmedia&parent=286134"}],"wp:term":[{"taxonomy":"category","embeddable":true,"href":"https:\/\/archive.sana.sy\/tr\/index.php?rest_route=%2Fwp%2Fv2%2Fcategories&post=286134"},{"taxonomy":"post_tag","embeddable":true,"href":"https:\/\/archive.sana.sy\/tr\/index.php?rest_route=%2Fwp%2Fv2%2Ftags&post=286134"}],"curies":[{"name":"wp","href":"https:\/\/api.w.org\/{rel}","templated":true}]}}