{"id":286276,"date":"2023-08-13T15:21:46","date_gmt":"2023-08-13T12:21:46","guid":{"rendered":"https:\/\/sana.sy\/tr\/?p=286276"},"modified":"2023-08-15T08:44:25","modified_gmt":"2023-08-15T05:44:25","slug":"yuksek-ogrenim-ve-bilimsel-arastirma-alaninda-isbirligini-gelistirmeye-yonelik-suriye-cezayir-gorusmeleri","status":"publish","type":"post","link":"https:\/\/archive.sana.sy\/tr\/?p=286276","title":{"rendered":"Y\u00fcksek \u00d6\u011fretim Ve Bilimsel Ara\u015ft\u0131rma Alan\u0131nda \u0130\u015fbirli\u011fini Geli\u015ftirmeye Y\u00f6nelik Suriye-Cezayir G\u00f6r\u00fc\u015fmeleri"},"content":{"rendered":"<p style=\"text-align: justify;\"><strong>\u015eAM 13 A\u011fustos (SANA)<\/strong> &#8211; Y\u00fcksek \u00d6\u011fretim ve Bilimsel Ara\u015ft\u0131rma Bakan\u0131 Dr. Bessam \u0130brahim, Cezayir Demokratik Halk Cumhuriyeti&#8217;nin Suriye&#8217;deki Tam Yetkili ve Ola\u011fan\u00fcst\u00fc B\u00fcy\u00fckel\u00e7isi Kemal Bu\u015fama ile yapt\u0131\u011f\u0131 g\u00f6r\u00fc\u015fmede, iki \u00fclke aras\u0131ndaki bilimsel ve ara\u015ft\u0131rma i\u015fbirli\u011fi ili\u015fkilerini geli\u015ftirmenin yollar\u0131n\u0131 masaya yat\u0131rd\u0131.<\/p>\n<p style=\"text-align: justify;\">Bakan \u0130brahim, Cezayir ile bilim ve ara\u015ft\u0131rma ili\u015fkilerinin geli\u015ftirilmesinin ve ba\u015fta y\u00fcksek\u00f6\u011fretim ve bilimsel ara\u015ft\u0131rma olmak \u00fczere her alanda yeni ufuklar a\u00e7\u0131lmas\u0131n\u0131n \u00f6nemine i\u015faret ederek, Cezayir ile \u00f6zellikle \u00f6\u011frenci ve profes\u00f6r de\u011fi\u015fimi alan\u0131nda bilimsel ara\u015ft\u0131rma program\u0131n\u0131n etkinle\u015ftirilmesi ve geli\u015ftirilmesi, hibe sa\u011flanmas\u0131 ve bilimsel dergilerde yay\u0131n yap\u0131lmas\u0131 ve lisans\u00fcst\u00fc \u00e7al\u0131\u015fmalar\u0131n ortak denetlenmesi gereklili\u011fine de\u011findi.<\/p>\n<p style=\"text-align: justify;\">Bakan \u0130brahim ayr\u0131ca, iki \u00fclke aras\u0131ndaki ili\u015fkilere ve Cezayir&#8217;in Suriye&#8217;ye ve onun hakl\u0131 davalar\u0131na y\u00f6nelik kararl\u0131 ve destekleyici duru\u015funa \u00f6vg\u00fcde bulundu.<\/p>\n<p style=\"text-align: justify;\">Buna kar\u015f\u0131l\u0131k Bu\u015fama, Suriye ile Cezayir aras\u0131ndaki ili\u015fkilerin tarih boyunca k\u00f6k sald\u0131\u011f\u0131n\u0131 ve her zaman istikrar ve vizyon netli\u011fi ile karakterize edildi\u011fini vurgularken, \u00f6zellikle Suriye&#8217;ye y\u00f6nelik e\u011fitim ve kurumlar\u0131 hedef alan haks\u0131z sava\u015f\u0131n ard\u0131ndan Y\u00fcksek \u00d6\u011frenim ve Bilimsel Ara\u015ft\u0131rma Bakanl\u0131\u011f\u0131 ve Suriye \u00fcniversiteleri ile i\u015fbirli\u011finin geli\u015ftirilmesi gerekti\u011fine i\u015faret etti.<\/p>\n<p style=\"text-align: justify;\"><a href=\"https:\/\/t.me\/SuriyeArapHaberAjansI\">Telegram Kanal\u0131m\u0131z\u00a0<\/a><\/p>\n<p style=\"text-align: justify;\"><a href=\"https:\/\/www.facebook.com\/SANAHaberAjansi\/\">Facebook Sayfam\u0131z<\/a><\/p>\n<p style=\"text-align: justify;\"><a href=\"https:\/\/twitter.com\/arap_ajans\">Twitter Hesab\u0131m\u0131z<\/a><\/p>\n","protected":false},"excerpt":{"rendered":"<p>\u015eAM 13 A\u011fustos (SANA) &#8211; Y\u00fcksek \u00d6\u011fretim ve Bilimsel Ara\u015ft\u0131rma Bakan\u0131 Dr. Bessam \u0130brahim, Cezayir Demokratik Halk Cumhuriyeti&#8217;nin Suriye&#8217;deki Tam Yetkili ve Ola\u011fan\u00fcst\u00fc B\u00fcy\u00fckel\u00e7isi Kemal Bu\u015fama ile yapt\u0131\u011f\u0131 g\u00f6r\u00fc\u015fmede, iki \u00fclke aras\u0131ndaki bilimsel ve ara\u015ft\u0131rma i\u015fbirli\u011fi ili\u015fkilerini geli\u015ftirmenin yollar\u0131n\u0131 masaya yat\u0131rd\u0131. Bakan \u0130brahim, Cezayir ile bilim ve ara\u015ft\u0131rma ili\u015fkilerinin geli\u015ftirilmesinin ve ba\u015fta y\u00fcksek\u00f6\u011fretim ve bilimsel &hellip;<\/p>\n","protected":false},"author":41,"featured_media":286277,"comment_status":"closed","ping_status":"closed","sticky":false,"template":"","format":"standard","meta":{"footnotes":""},"categories":[479,17988,478],"tags":[39227,19043,39226],"class_list":["post-286276","post","type-post","status-publish","format-standard","has-post-thumbnail","","category-haberler-yerel","category-son-haberler","category-yerel","tag-suriye-ve-cezayir-arasindaki-iliskiler","tag-suriyede-son-durum","tag-yuksek-ogrenim-ve-bilimsel-arastirma-alaninda-isbirligini-gelistirmeye-yonelik-suriye-cezayir-gorusmeleri"],"_links":{"self":[{"href":"https:\/\/archive.sana.sy\/tr\/index.php?rest_route=\/wp\/v2\/posts\/286276","targetHints":{"allow":["GET"]}}],"collection":[{"href":"https:\/\/archive.sana.sy\/tr\/index.php?rest_route=\/wp\/v2\/posts"}],"about":[{"href":"https:\/\/archive.sana.sy\/tr\/index.php?rest_route=\/wp\/v2\/types\/post"}],"author":[{"embeddable":true,"href":"https:\/\/archive.sana.sy\/tr\/index.php?rest_route=\/wp\/v2\/users\/41"}],"replies":[{"embeddable":true,"href":"https:\/\/archive.sana.sy\/tr\/index.php?rest_route=%2Fwp%2Fv2%2Fcomments&post=286276"}],"version-history":[{"count":2,"href":"https:\/\/archive.sana.sy\/tr\/index.php?rest_route=\/wp\/v2\/posts\/286276\/revisions"}],"predecessor-version":[{"id":286279,"href":"https:\/\/archive.sana.sy\/tr\/index.php?rest_route=\/wp\/v2\/posts\/286276\/revisions\/286279"}],"wp:featuredmedia":[{"embeddable":true,"href":"https:\/\/archive.sana.sy\/tr\/index.php?rest_route=\/wp\/v2\/media\/286277"}],"wp:attachment":[{"href":"https:\/\/archive.sana.sy\/tr\/index.php?rest_route=%2Fwp%2Fv2%2Fmedia&parent=286276"}],"wp:term":[{"taxonomy":"category","embeddable":true,"href":"https:\/\/archive.sana.sy\/tr\/index.php?rest_route=%2Fwp%2Fv2%2Fcategories&post=286276"},{"taxonomy":"post_tag","embeddable":true,"href":"https:\/\/archive.sana.sy\/tr\/index.php?rest_route=%2Fwp%2Fv2%2Ftags&post=286276"}],"curies":[{"name":"wp","href":"https:\/\/api.w.org\/{rel}","templated":true}]}}