{"id":286280,"date":"2023-08-13T17:18:26","date_gmt":"2023-08-13T14:18:26","guid":{"rendered":"https:\/\/sana.sy\/tr\/?p=286280"},"modified":"2023-08-15T08:44:31","modified_gmt":"2023-08-15T05:44:31","slug":"rus-savunmasi-545-ukrayna-askeri-olduruldu-bir-helikopter-ve-25-iha-dusuruldu","status":"publish","type":"post","link":"https:\/\/archive.sana.sy\/tr\/?p=286280","title":{"rendered":"Rus Savunmas\u0131: 545 Ukrayna Askeri \u00d6ld\u00fcr\u00fcld\u00fc, Bir Helikopter Ve 25 \u0130HA D\u00fc\u015f\u00fcr\u00fcld\u00fc"},"content":{"rendered":"<p style=\"text-align: justify;\"><strong>MOSKOVA 13 A\u011fustos (SANA)<\/strong> &#8211; Bug\u00fcn Pazar g\u00fcn\u00fc Rus savunmas\u0131, g\u00fc\u00e7lerinin ge\u00e7ti\u011fimiz g\u00fcn \u00e7e\u015fitli baltalarla yakla\u015f\u0131k 545 Ukrayna askerini \u00f6ld\u00fcrd\u00fc\u011f\u00fcn\u00fc ve ayr\u0131ca Donetsk hava sahas\u0131nda bir Ukrayna helikopterini ve ayr\u0131 <img loading=\"lazy\" decoding=\"async\" class=\"size-medium wp-image-286282 alignright\" src=\"http:\/\/sana.sy\/tr\/wp-content\/uploads\/2023\/08\/1\u0634\u0633\u064a-56-660x330-1-300x150.jpg\" alt=\"\" width=\"300\" height=\"150\" srcset=\"https:\/\/archive.sana.sy\/tr\/wp-content\/uploads\/2023\/08\/1\u0634\u0633\u064a-56-660x330-1-300x150.jpg 300w, https:\/\/archive.sana.sy\/tr\/wp-content\/uploads\/2023\/08\/1\u0634\u0633\u064a-56-660x330-1.jpg 660w\" sizes=\"auto, (max-width: 300px) 100vw, 300px\" \/>alanlarda 25 \u0130HA&#8217;s\u0131 d\u00fc\u015f\u00fcrd\u00fc\u011f\u00fcn\u00fc duyurdu.<\/p>\n<p style=\"text-align: justify;\">Bakanl\u0131k, \u00f6zel askeri operasyonun ilerlemesine ili\u015fkin g\u00fcnl\u00fck raporunda, \u2018\u2019Ukrayna ordusu, Kobyansk eksenine y\u00f6nelik ba\u015far\u0131s\u0131z sald\u0131r\u0131lar\u0131 s\u0131ras\u0131nda 60&#8217;tan fazla asker ve Donetsk ekseninde 300 asker kaybetti. Krasny Lyman cephesinde 45 asker, g\u00fcney Donetsk cephesinde 80 asker ve Zaporozhye cephesinde 40&#8217;tan fazla asker. Herson ekseninde Rus ate\u015fi sonucu yakla\u015f\u0131k 20 asker daha \u00f6ld\u00fcr\u00fcld\u00fc\u2019\u2019 dedi.<\/p>\n<p style=\"text-align: justify;\">Bakanl\u0131k \u00a0ayr\u0131ca, 137 b\u00f6lgede Ukrayna kuvvetleri ve askeri te\u00e7hizat\u0131n\u0131n vuruldu\u011funu ve Ukrayna Dokuzuncu Kolordusu&#8217;nun Zaporozhye&#8217;deki Orekhov \u015fehri yak\u0131nlar\u0131ndaki bir ileri komuta noktas\u0131n\u0131n vuruldu\u011funu bildirdi.<\/p>\n<p style=\"text-align: justify;\">Bakanl\u0131ktan yap\u0131lan a\u00e7\u0131klamaya g\u00f6re, Donetsk topraklar\u0131ndaki bir insans\u0131z hava arac\u0131 kontrol merkezi vuruldu, Donetsk&#8217;te bir Ukrayna Mi-8 helikopteri havada d\u00fc\u015f\u00fcr\u00fcld\u00fc, 8 HIMARS f\u00fczesi \u00f6nlendi ve 25 Ukrayna insans\u0131z hava arac\u0131 imha edildi.<\/p>\n<p><a href=\"https:\/\/t.me\/SuriyeArapHaberAjansI\">Telegram Kanal\u0131m\u0131z\u00a0<\/a><\/p>\n<p><a href=\"https:\/\/www.facebook.com\/SANAHaberAjansi\/\">Facebook Sayfam\u0131z<\/a><\/p>\n<p><a href=\"https:\/\/twitter.com\/arap_ajans\">Twitter Hesab\u0131m\u0131z<\/a><\/p>\n","protected":false},"excerpt":{"rendered":"<p>MOSKOVA 13 A\u011fustos (SANA) &#8211; Bug\u00fcn Pazar g\u00fcn\u00fc Rus savunmas\u0131, g\u00fc\u00e7lerinin ge\u00e7ti\u011fimiz g\u00fcn \u00e7e\u015fitli baltalarla yakla\u015f\u0131k 545 Ukrayna askerini \u00f6ld\u00fcrd\u00fc\u011f\u00fcn\u00fc ve ayr\u0131ca Donetsk hava sahas\u0131nda bir Ukrayna helikopterini ve ayr\u0131 alanlarda 25 \u0130HA&#8217;s\u0131 d\u00fc\u015f\u00fcrd\u00fc\u011f\u00fcn\u00fc duyurdu. Bakanl\u0131k, \u00f6zel askeri operasyonun ilerlemesine ili\u015fkin g\u00fcnl\u00fck raporunda, \u2018\u2019Ukrayna ordusu, Kobyansk eksenine y\u00f6nelik ba\u015far\u0131s\u0131z sald\u0131r\u0131lar\u0131 s\u0131ras\u0131nda 60&#8217;tan fazla asker ve &hellip;<\/p>\n","protected":false},"author":41,"featured_media":286281,"comment_status":"closed","ping_status":"closed","sticky":false,"template":"","format":"standard","meta":{"footnotes":""},"categories":[458,459,17988],"tags":[],"class_list":["post-286280","post","type-post","status-publish","format-standard","has-post-thumbnail","","category-dunya1","category-haberler-arap-uluslararasi-politika","category-son-haberler"],"_links":{"self":[{"href":"https:\/\/archive.sana.sy\/tr\/index.php?rest_route=\/wp\/v2\/posts\/286280","targetHints":{"allow":["GET"]}}],"collection":[{"href":"https:\/\/archive.sana.sy\/tr\/index.php?rest_route=\/wp\/v2\/posts"}],"about":[{"href":"https:\/\/archive.sana.sy\/tr\/index.php?rest_route=\/wp\/v2\/types\/post"}],"author":[{"embeddable":true,"href":"https:\/\/archive.sana.sy\/tr\/index.php?rest_route=\/wp\/v2\/users\/41"}],"replies":[{"embeddable":true,"href":"https:\/\/archive.sana.sy\/tr\/index.php?rest_route=%2Fwp%2Fv2%2Fcomments&post=286280"}],"version-history":[{"count":3,"href":"https:\/\/archive.sana.sy\/tr\/index.php?rest_route=\/wp\/v2\/posts\/286280\/revisions"}],"predecessor-version":[{"id":286298,"href":"https:\/\/archive.sana.sy\/tr\/index.php?rest_route=\/wp\/v2\/posts\/286280\/revisions\/286298"}],"wp:featuredmedia":[{"embeddable":true,"href":"https:\/\/archive.sana.sy\/tr\/index.php?rest_route=\/wp\/v2\/media\/286281"}],"wp:attachment":[{"href":"https:\/\/archive.sana.sy\/tr\/index.php?rest_route=%2Fwp%2Fv2%2Fmedia&parent=286280"}],"wp:term":[{"taxonomy":"category","embeddable":true,"href":"https:\/\/archive.sana.sy\/tr\/index.php?rest_route=%2Fwp%2Fv2%2Fcategories&post=286280"},{"taxonomy":"post_tag","embeddable":true,"href":"https:\/\/archive.sana.sy\/tr\/index.php?rest_route=%2Fwp%2Fv2%2Ftags&post=286280"}],"curies":[{"name":"wp","href":"https:\/\/api.w.org\/{rel}","templated":true}]}}