{"id":286289,"date":"2023-08-13T18:26:15","date_gmt":"2023-08-13T15:26:15","guid":{"rendered":"https:\/\/sana.sy\/tr\/?p=286289"},"modified":"2023-08-15T08:44:54","modified_gmt":"2023-08-15T05:44:54","slug":"mancini-italya-milli-futbol-takiminin-basindaki-gorevinden-istifa-etti","status":"publish","type":"post","link":"https:\/\/archive.sana.sy\/tr\/?p=286289","title":{"rendered":"Mancini, \u0130talya Milli Futbol Tak\u0131m\u0131&#8217;n\u0131n Ba\u015f\u0131ndaki G\u00f6revinden \u0130stifa Etti"},"content":{"rendered":"<p><strong>ROMA\u00a0 13 A\u011fustos (SANA)<\/strong> &#8211; Roberto Mancini, g\u00f6zetiminde 2021&#8217;de Avrupa Kupas\u0131 kazanan \u0130talyan milli futbol tak\u0131m\u0131n\u0131n teknik direkt\u00f6rl\u00fc\u011f\u00fcnden istifa etti.<\/p>\n<p>\u0130talya Futbol Federasyonu bug\u00fcn yapt\u0131\u011f\u0131 resmi a\u00e7\u0131klamada, \u2018\u201958 ya\u015f\u0131ndaki Mancini istifas\u0131n\u0131 sundu ve kabul edildi ve \u0130talyan milli tak\u0131m\u0131n\u0131n 5 y\u0131ll\u0131k teknik direkt\u00f6rl\u00fc\u011f\u00fc kariyerine son verdi\u2019\u2019 dedi.<\/p>\n<p>Federasyon, yeni teknik direkt\u00f6r\u00fcn isminin \u00f6n\u00fcm\u00fczdeki g\u00fcnlerde a\u00e7\u0131klanmas\u0131n\u0131n beklendi\u011fini bildirdi.<\/p>\n<p><a href=\"https:\/\/t.me\/SuriyeArapHaberAjansI\">Telegram Kanal\u0131m\u0131z\u00a0<\/a><\/p>\n<p><a href=\"https:\/\/www.facebook.com\/SANAHaberAjansi\/\">Facebook Sayfam\u0131z<\/a><\/p>\n<p><a href=\"https:\/\/twitter.com\/arap_ajans\">Twitter Hesab\u0131m\u0131z<\/a><\/p>\n","protected":false},"excerpt":{"rendered":"<p>ROMA\u00a0 13 A\u011fustos (SANA) &#8211; Roberto Mancini, g\u00f6zetiminde 2021&#8217;de Avrupa Kupas\u0131 kazanan \u0130talyan milli futbol tak\u0131m\u0131n\u0131n teknik direkt\u00f6rl\u00fc\u011f\u00fcnden istifa etti. \u0130talya Futbol Federasyonu bug\u00fcn yapt\u0131\u011f\u0131 resmi a\u00e7\u0131klamada, \u2018\u201958 ya\u015f\u0131ndaki Mancini istifas\u0131n\u0131 sundu ve kabul edildi ve \u0130talyan milli tak\u0131m\u0131n\u0131n 5 y\u0131ll\u0131k teknik direkt\u00f6rl\u00fc\u011f\u00fc kariyerine son verdi\u2019\u2019 dedi. Federasyon, yeni teknik direkt\u00f6r\u00fcn isminin \u00f6n\u00fcm\u00fczdeki g\u00fcnlerde a\u00e7\u0131klanmas\u0131n\u0131n &hellip;<\/p>\n","protected":false},"author":41,"featured_media":286290,"comment_status":"closed","ping_status":"closed","sticky":false,"template":"","format":"standard","meta":{"footnotes":""},"categories":[498,17988,496],"tags":[39231,39230],"class_list":["post-286289","post","type-post","status-publish","format-standard","has-post-thumbnail","","category-dunya-turnuvalari","category-son-haberler","category-spor","tag-italya-milli-futbol-takiminin-basindaki-gorevinden-istifa-etti","tag-mancini"],"_links":{"self":[{"href":"https:\/\/archive.sana.sy\/tr\/index.php?rest_route=\/wp\/v2\/posts\/286289","targetHints":{"allow":["GET"]}}],"collection":[{"href":"https:\/\/archive.sana.sy\/tr\/index.php?rest_route=\/wp\/v2\/posts"}],"about":[{"href":"https:\/\/archive.sana.sy\/tr\/index.php?rest_route=\/wp\/v2\/types\/post"}],"author":[{"embeddable":true,"href":"https:\/\/archive.sana.sy\/tr\/index.php?rest_route=\/wp\/v2\/users\/41"}],"replies":[{"embeddable":true,"href":"https:\/\/archive.sana.sy\/tr\/index.php?rest_route=%2Fwp%2Fv2%2Fcomments&post=286289"}],"version-history":[{"count":1,"href":"https:\/\/archive.sana.sy\/tr\/index.php?rest_route=\/wp\/v2\/posts\/286289\/revisions"}],"predecessor-version":[{"id":286291,"href":"https:\/\/archive.sana.sy\/tr\/index.php?rest_route=\/wp\/v2\/posts\/286289\/revisions\/286291"}],"wp:featuredmedia":[{"embeddable":true,"href":"https:\/\/archive.sana.sy\/tr\/index.php?rest_route=\/wp\/v2\/media\/286290"}],"wp:attachment":[{"href":"https:\/\/archive.sana.sy\/tr\/index.php?rest_route=%2Fwp%2Fv2%2Fmedia&parent=286289"}],"wp:term":[{"taxonomy":"category","embeddable":true,"href":"https:\/\/archive.sana.sy\/tr\/index.php?rest_route=%2Fwp%2Fv2%2Fcategories&post=286289"},{"taxonomy":"post_tag","embeddable":true,"href":"https:\/\/archive.sana.sy\/tr\/index.php?rest_route=%2Fwp%2Fv2%2Ftags&post=286289"}],"curies":[{"name":"wp","href":"https:\/\/api.w.org\/{rel}","templated":true}]}}