{"id":286293,"date":"2023-08-13T19:34:36","date_gmt":"2023-08-13T16:34:36","guid":{"rendered":"https:\/\/sana.sy\/tr\/?p=286293"},"modified":"2023-08-15T08:45:02","modified_gmt":"2023-08-15T05:45:02","slug":"bakan-mikdadin-katilimiyla-nebikte-2023-yili-icin-sam-kirsal-gurbetciler-forumu-etkinlikleri-basladi","status":"publish","type":"post","link":"https:\/\/archive.sana.sy\/tr\/?p=286293","title":{"rendered":"Bakan Mikdad&#8217;\u0131n Kat\u0131l\u0131m\u0131yla\u2026 Nebik\u2019te 2023 Y\u0131l\u0131 \u0130\u00e7in \u015eam K\u0131rsal Gurbet\u00e7iler Forumu Etkinlikleri Ba\u015flad\u0131"},"content":{"rendered":"<p style=\"text-align: justify;\"><strong>\u015eAM KIRSALI\u00a0 13 A\u011fustos (SANA) &#8211;<\/strong> 2023 y\u0131l\u0131 \u015eam K\u0131rsal\u0131 Gurbet\u00e7iler Forumu&#8217;nun faaliyetleri bug\u00fcn D\u0131\u015fi\u015fleri ve Gurbet\u00e7iler Bakan\u0131 Faysal Mikdad&#8217;\u0131n kat\u0131l\u0131m\u0131yla Nabik \u015fehrinde ba\u015flad\u0131.<\/p>\n<p style=\"text-align: justify;\"><a href=\"https:\/\/t.me\/SuriyeArapHaberAjansI\">Telegram Kanal\u0131m\u0131z\u00a0<\/a><\/p>\n<p style=\"text-align: justify;\"><a href=\"https:\/\/www.facebook.com\/SANAHaberAjansi\/\">Facebook Sayfam\u0131z<\/a><\/p>\n<p style=\"text-align: justify;\"><a href=\"https:\/\/twitter.com\/arap_ajans\">Twitter Hesab\u0131m\u0131z<\/a><\/p>\n","protected":false},"excerpt":{"rendered":"<p>\u015eAM KIRSALI\u00a0 13 A\u011fustos (SANA) &#8211; 2023 y\u0131l\u0131 \u015eam K\u0131rsal\u0131 Gurbet\u00e7iler Forumu&#8217;nun faaliyetleri bug\u00fcn D\u0131\u015fi\u015fleri ve Gurbet\u00e7iler Bakan\u0131 Faysal Mikdad&#8217;\u0131n kat\u0131l\u0131m\u0131yla Nabik \u015fehrinde ba\u015flad\u0131. Telegram Kanal\u0131m\u0131z\u00a0 Facebook Sayfam\u0131z Twitter Hesab\u0131m\u0131z<\/p>\n","protected":false},"author":41,"featured_media":286294,"comment_status":"closed","ping_status":"closed","sticky":false,"template":"","format":"standard","meta":{"footnotes":""},"categories":[479,17988,478],"tags":[39232,19174,39235,39234,39233],"class_list":["post-286293","post","type-post","status-publish","format-standard","has-post-thumbnail","","category-haberler-yerel","category-son-haberler","category-yerel","tag-bakan-mikdadin-katilimiyla-nebikte-2023-yili-icin-sam-kirsal-gurbetciler-forumu-etkinlikleri-basladi","tag-suriyede-son-durumlar","tag-suriyenin-disinda-yasayayan-suriyeliler","tag-suriyeli-gocmenler","tag-suriyeli-gurbeciler"],"_links":{"self":[{"href":"https:\/\/archive.sana.sy\/tr\/index.php?rest_route=\/wp\/v2\/posts\/286293","targetHints":{"allow":["GET"]}}],"collection":[{"href":"https:\/\/archive.sana.sy\/tr\/index.php?rest_route=\/wp\/v2\/posts"}],"about":[{"href":"https:\/\/archive.sana.sy\/tr\/index.php?rest_route=\/wp\/v2\/types\/post"}],"author":[{"embeddable":true,"href":"https:\/\/archive.sana.sy\/tr\/index.php?rest_route=\/wp\/v2\/users\/41"}],"replies":[{"embeddable":true,"href":"https:\/\/archive.sana.sy\/tr\/index.php?rest_route=%2Fwp%2Fv2%2Fcomments&post=286293"}],"version-history":[{"count":3,"href":"https:\/\/archive.sana.sy\/tr\/index.php?rest_route=\/wp\/v2\/posts\/286293\/revisions"}],"predecessor-version":[{"id":286299,"href":"https:\/\/archive.sana.sy\/tr\/index.php?rest_route=\/wp\/v2\/posts\/286293\/revisions\/286299"}],"wp:featuredmedia":[{"embeddable":true,"href":"https:\/\/archive.sana.sy\/tr\/index.php?rest_route=\/wp\/v2\/media\/286294"}],"wp:attachment":[{"href":"https:\/\/archive.sana.sy\/tr\/index.php?rest_route=%2Fwp%2Fv2%2Fmedia&parent=286293"}],"wp:term":[{"taxonomy":"category","embeddable":true,"href":"https:\/\/archive.sana.sy\/tr\/index.php?rest_route=%2Fwp%2Fv2%2Fcategories&post=286293"},{"taxonomy":"post_tag","embeddable":true,"href":"https:\/\/archive.sana.sy\/tr\/index.php?rest_route=%2Fwp%2Fv2%2Ftags&post=286293"}],"curies":[{"name":"wp","href":"https:\/\/api.w.org\/{rel}","templated":true}]}}