{"id":286300,"date":"2023-08-14T10:05:49","date_gmt":"2023-08-14T07:05:49","guid":{"rendered":"https:\/\/sana.sy\/tr\/?p=286300"},"modified":"2023-08-15T08:45:21","modified_gmt":"2023-08-15T05:45:21","slug":"ulusal-deprem-merkezi-son-24-saat-icinde-5-deprem-kaydedildi","status":"publish","type":"post","link":"https:\/\/archive.sana.sy\/tr\/?p=286300","title":{"rendered":"Ulusal Deprem Merkezi: Son 24 Saat \u0130\u00e7inde 5\u00a0Deprem Kaydedildi"},"content":{"rendered":"<p style=\"text-align: justify;\"><strong>\u015eAM 14 A\u011fustos (SANA) \u2013<\/strong>Ulusal Deprem Merkezi, son 24 saat i\u00e7inde 5 zay\u0131f ve orta \u015fiddette depremin kaydedildi\u011fini ilan etti.<\/p>\n<p style=\"text-align: justify;\">Merkez yapt\u0131\u011f\u0131 a\u00e7\u0131klamada, Ulusal Sismik \u0130zleme A\u011f\u0131n\u0131n istasyonlar\u0131n\u0131n son 24 saat i\u00e7inde \u0130skenderun&#8217;da 1, Lazkiye&#8217;nin kuzeybat\u0131s\u0131nda Akdeniz&#8217;de 2, Lazkiye&#8217;nin bat\u0131s\u0131nda Akdeniz&#8217;de 1 ve Yunanistan&#8217;da da 1 deprem kaydetti\u011fini belirtti.<\/p>\n<p><a href=\"https:\/\/t.me\/SuriyeArapHaberAjansI\">Telegram Kanal\u0131m\u0131z\u00a0<\/a><\/p>\n<p><a href=\"https:\/\/www.facebook.com\/SANAHaberAjansi\/\">Facebook Sayfam\u0131z<\/a><\/p>\n<p><a href=\"https:\/\/twitter.com\/arap_ajans\">Twitter Hesab\u0131m\u0131z<\/a><\/p>\n","protected":false},"excerpt":{"rendered":"<p>\u015eAM 14 A\u011fustos (SANA) \u2013Ulusal Deprem Merkezi, son 24 saat i\u00e7inde 5 zay\u0131f ve orta \u015fiddette depremin kaydedildi\u011fini ilan etti. Merkez yapt\u0131\u011f\u0131 a\u00e7\u0131klamada, Ulusal Sismik \u0130zleme A\u011f\u0131n\u0131n istasyonlar\u0131n\u0131n son 24 saat i\u00e7inde \u0130skenderun&#8217;da 1, Lazkiye&#8217;nin kuzeybat\u0131s\u0131nda Akdeniz&#8217;de 2, Lazkiye&#8217;nin bat\u0131s\u0131nda Akdeniz&#8217;de 1 ve Yunanistan&#8217;da da 1 deprem kaydetti\u011fini belirtti. Telegram Kanal\u0131m\u0131z\u00a0 Facebook Sayfam\u0131z Twitter Hesab\u0131m\u0131z<\/p>\n","protected":false},"author":39,"featured_media":286301,"comment_status":"closed","ping_status":"closed","sticky":false,"template":"","format":"standard","meta":{"footnotes":""},"categories":[479,17988,478],"tags":[38302,39237],"class_list":["post-286300","post","type-post","status-publish","format-standard","has-post-thumbnail","","category-haberler-yerel","category-son-haberler","category-yerel","tag-suriyede-deprem","tag-ulusal-deprem-merkezi"],"_links":{"self":[{"href":"https:\/\/archive.sana.sy\/tr\/index.php?rest_route=\/wp\/v2\/posts\/286300","targetHints":{"allow":["GET"]}}],"collection":[{"href":"https:\/\/archive.sana.sy\/tr\/index.php?rest_route=\/wp\/v2\/posts"}],"about":[{"href":"https:\/\/archive.sana.sy\/tr\/index.php?rest_route=\/wp\/v2\/types\/post"}],"author":[{"embeddable":true,"href":"https:\/\/archive.sana.sy\/tr\/index.php?rest_route=\/wp\/v2\/users\/39"}],"replies":[{"embeddable":true,"href":"https:\/\/archive.sana.sy\/tr\/index.php?rest_route=%2Fwp%2Fv2%2Fcomments&post=286300"}],"version-history":[{"count":1,"href":"https:\/\/archive.sana.sy\/tr\/index.php?rest_route=\/wp\/v2\/posts\/286300\/revisions"}],"predecessor-version":[{"id":286302,"href":"https:\/\/archive.sana.sy\/tr\/index.php?rest_route=\/wp\/v2\/posts\/286300\/revisions\/286302"}],"wp:featuredmedia":[{"embeddable":true,"href":"https:\/\/archive.sana.sy\/tr\/index.php?rest_route=\/wp\/v2\/media\/286301"}],"wp:attachment":[{"href":"https:\/\/archive.sana.sy\/tr\/index.php?rest_route=%2Fwp%2Fv2%2Fmedia&parent=286300"}],"wp:term":[{"taxonomy":"category","embeddable":true,"href":"https:\/\/archive.sana.sy\/tr\/index.php?rest_route=%2Fwp%2Fv2%2Fcategories&post=286300"},{"taxonomy":"post_tag","embeddable":true,"href":"https:\/\/archive.sana.sy\/tr\/index.php?rest_route=%2Fwp%2Fv2%2Ftags&post=286300"}],"curies":[{"name":"wp","href":"https:\/\/api.w.org\/{rel}","templated":true}]}}