{"id":286321,"date":"2023-08-14T15:22:25","date_gmt":"2023-08-14T12:22:25","guid":{"rendered":"https:\/\/sana.sy\/tr\/?p=286321"},"modified":"2023-08-16T08:46:02","modified_gmt":"2023-08-16T05:46:02","slug":"icisleri-bakani-cezayirin-suriye-buyukelcisi-ile-ortak-isbirligi-iliskilerini-gorustu","status":"publish","type":"post","link":"https:\/\/archive.sana.sy\/tr\/?p=286321","title":{"rendered":"\u0130\u00e7i\u015fleri Bakan\u0131, Cezayir&#8217;in Suriye B\u00fcy\u00fckel\u00e7isi \u0130le Ortak \u0130\u015fbirli\u011fi \u0130li\u015fkilerini G\u00f6r\u00fc\u015ft\u00fc"},"content":{"rendered":"<p style=\"text-align: justify;\"><strong>\u015eAM 14 A\u011fustos (SANA)<\/strong> &#8211; \u0130\u00e7i\u015fleri Bakan\u0131 T\u00fcmgeneral Muhammed El Rahmun, Cezayir&#8217;in Suriye B\u00fcy\u00fckel\u00e7isi Kamal Bu\u015fama ile iki \u00fclke aras\u0131ndaki ortak i\u015fbirli\u011fi ili\u015fkilerini g\u00f6r\u00fc\u015ft\u00fc.<\/p>\n<p style=\"text-align: justify;\"><img loading=\"lazy\" decoding=\"async\" class=\"size-full wp-image-286324 alignright\" src=\"http:\/\/sana.sy\/tr\/wp-content\/uploads\/2023\/08\/photo_2023-08-14_14-28-40-copy-300x201-1.jpg\" alt=\"\" width=\"300\" height=\"201\" srcset=\"https:\/\/archive.sana.sy\/tr\/wp-content\/uploads\/2023\/08\/photo_2023-08-14_14-28-40-copy-300x201-1.jpg 300w, https:\/\/archive.sana.sy\/tr\/wp-content\/uploads\/2023\/08\/photo_2023-08-14_14-28-40-copy-300x201-1-110x75.jpg 110w\" sizes=\"auto, (max-width: 300px) 100vw, 300px\" \/>Bakan El Rahmun, iki karde\u015f \u00fclke aras\u0131ndaki tarihi ili\u015fkilerin derinli\u011fini ve mevcut zorluklar\u0131n \u00fcstesinden gelmeye katk\u0131da bulunacak \u015fekilde \u00e7e\u015fitli alanlarda geli\u015ftirmeye ve g\u00fc\u00e7lendirmeye devam etmenin \u00f6nemini vurgulad\u0131.<\/p>\n<p style=\"text-align: justify;\">Bakan El Rahmun ayr\u0131ca, Cezayir liderli\u011fine ve halk\u0131na, kendisine kar\u015f\u0131 y\u00fcr\u00fct\u00fclen ter\u00f6r sava\u015f\u0131nda ve ge\u00e7en \u015eubat&#8217;ta 6&#8217;da meydana gelen deprem felaketinde Suriye&#8217;nin yan\u0131nda yer ald\u0131klar\u0131 i\u00e7in te\u015fekk\u00fcrlerini ve takdirlerini dile getirdi.<\/p>\n<p style=\"text-align: justify;\">B\u00fcy\u00fckel\u00e7i Bu\u015fama ise Suriye halk\u0131n\u0131n i\u00e7inde bulundu\u011fu \u00e7ileyi t\u00fcm zorluklara ra\u011fmen a\u015faca\u011f\u0131na olan g\u00fcvenini dile getirerek, ki karde\u015f halk\u0131n \u00e7\u0131karlar\u0131 do\u011frultusunda iki \u00fclke aras\u0131ndaki ili\u015fkilerin g\u00fc\u00e7lendirilmesi ve geli\u015ftirilmesi i\u00e7in m\u00fcmk\u00fcn olan her t\u00fcrl\u00fc \u00e7abay\u0131 g\u00f6sterece\u011fini vurgulad\u0131.<\/p>\n<p><a href=\"https:\/\/t.me\/SuriyeArapHaberAjansI\">Telegram Kanal\u0131m\u0131z\u00a0<\/a><\/p>\n<p><a href=\"https:\/\/www.facebook.com\/SANAHaberAjansi\/\">Facebook Sayfam\u0131z<\/a><\/p>\n<p><a href=\"https:\/\/twitter.com\/arap_ajans\">Twitter Hesab\u0131m\u0131z<\/a><\/p>\n","protected":false},"excerpt":{"rendered":"<p>\u015eAM 14 A\u011fustos (SANA) &#8211; \u0130\u00e7i\u015fleri Bakan\u0131 T\u00fcmgeneral Muhammed El Rahmun, Cezayir&#8217;in Suriye B\u00fcy\u00fckel\u00e7isi Kamal Bu\u015fama ile iki \u00fclke aras\u0131ndaki ortak i\u015fbirli\u011fi ili\u015fkilerini g\u00f6r\u00fc\u015ft\u00fc. Bakan El Rahmun, iki karde\u015f \u00fclke aras\u0131ndaki tarihi ili\u015fkilerin derinli\u011fini ve mevcut zorluklar\u0131n \u00fcstesinden gelmeye katk\u0131da bulunacak \u015fekilde \u00e7e\u015fitli alanlarda geli\u015ftirmeye ve g\u00fc\u00e7lendirmeye devam etmenin \u00f6nemini vurgulad\u0131. Bakan El Rahmun ayr\u0131ca, &hellip;<\/p>\n","protected":false},"author":41,"featured_media":286322,"comment_status":"closed","ping_status":"closed","sticky":false,"template":"","format":"standard","meta":{"footnotes":""},"categories":[479,17988,478],"tags":[39240,3486],"class_list":["post-286321","post","type-post","status-publish","format-standard","has-post-thumbnail","","category-haberler-yerel","category-son-haberler","category-yerel","tag-cezayirin-suriye-buyukelcisi-ile-ortak-isbirligi-iliskilerini-gorustu","tag-icisleri-bakani"],"_links":{"self":[{"href":"https:\/\/archive.sana.sy\/tr\/index.php?rest_route=\/wp\/v2\/posts\/286321","targetHints":{"allow":["GET"]}}],"collection":[{"href":"https:\/\/archive.sana.sy\/tr\/index.php?rest_route=\/wp\/v2\/posts"}],"about":[{"href":"https:\/\/archive.sana.sy\/tr\/index.php?rest_route=\/wp\/v2\/types\/post"}],"author":[{"embeddable":true,"href":"https:\/\/archive.sana.sy\/tr\/index.php?rest_route=\/wp\/v2\/users\/41"}],"replies":[{"embeddable":true,"href":"https:\/\/archive.sana.sy\/tr\/index.php?rest_route=%2Fwp%2Fv2%2Fcomments&post=286321"}],"version-history":[{"count":2,"href":"https:\/\/archive.sana.sy\/tr\/index.php?rest_route=\/wp\/v2\/posts\/286321\/revisions"}],"predecessor-version":[{"id":286349,"href":"https:\/\/archive.sana.sy\/tr\/index.php?rest_route=\/wp\/v2\/posts\/286321\/revisions\/286349"}],"wp:featuredmedia":[{"embeddable":true,"href":"https:\/\/archive.sana.sy\/tr\/index.php?rest_route=\/wp\/v2\/media\/286322"}],"wp:attachment":[{"href":"https:\/\/archive.sana.sy\/tr\/index.php?rest_route=%2Fwp%2Fv2%2Fmedia&parent=286321"}],"wp:term":[{"taxonomy":"category","embeddable":true,"href":"https:\/\/archive.sana.sy\/tr\/index.php?rest_route=%2Fwp%2Fv2%2Fcategories&post=286321"},{"taxonomy":"post_tag","embeddable":true,"href":"https:\/\/archive.sana.sy\/tr\/index.php?rest_route=%2Fwp%2Fv2%2Ftags&post=286321"}],"curies":[{"name":"wp","href":"https:\/\/api.w.org\/{rel}","templated":true}]}}