{"id":286326,"date":"2023-08-14T12:52:51","date_gmt":"2023-08-14T09:52:51","guid":{"rendered":"https:\/\/sana.sy\/tr\/?p=286326"},"modified":"2023-08-16T08:45:55","modified_gmt":"2023-08-16T05:45:55","slug":"cin-savunma-bakani-bugun-rusya-ve-beyaz-rusyayi-ziyaret-ediyor","status":"publish","type":"post","link":"https:\/\/archive.sana.sy\/tr\/?p=286326","title":{"rendered":"\u00c7in Savunma Bakan\u0131 Bug\u00fcn Rusya Ve Beyaz Rusya&#8217;y\u0131 Ziyaret Ediyor"},"content":{"rendered":"<p style=\"text-align: justify;\">P<strong>EK\u0130N\u00a0 14 A\u011fustos (SANA)<\/strong> &#8211; \u00c7in Savunma Bakan\u0131 Li Shangfu, Pazartesi g\u00fcn\u00fcnden ba\u015flay\u0131p 19&#8217;una kadar devam edecek olan Rusya ve Beyaz Rusya&#8217;y\u0131 ziyaret edecek.<\/p>\n<p style=\"text-align: justify;\">Bu, \u00c7in Savunma Bakanl\u0131\u011f\u0131 s\u00f6zc\u00fcs\u00fc Wu Qian taraf\u0131ndan Pazartesi g\u00fcn\u00fc, bakan\u0131n iki \u00fclkeyi ziyaret edece\u011fini ve 11. Moskova Uluslararas\u0131 G\u00fcvenlik Konferans\u0131&#8217;na kat\u0131laca\u011f\u0131n\u0131 s\u00f6yledi\u011finde a\u00e7\u0131kland\u0131.<\/p>\n<p style=\"text-align: justify;\">Bas\u0131n a\u00e7\u0131klamas\u0131 \u015f\u00f6yle devam etti: \u2018\u2019Rusya Savunma Bakan\u0131 Sergei Shoigu ve Belarus Savunma Bakan\u0131 Viktor Khrenin&#8217;in daveti \u00fczerine \u00c7in Halk Cumhuriyeti Devlet Dan\u0131\u015fman\u0131 ve Savunma Bakan\u0131 Li Shangfu, 14 A\u011fustos&#8217;tan itibaren Rusya&#8217;y\u0131 ziyaret edecek. On birinci Moskova Uluslararas\u0131 G\u00fcvenlik Konferans\u0131&#8217;na kat\u0131lacak ve Beyaz Rusya&#8217;y\u0131 ziyaret edecek.\u2019\u2019<\/p>\n<p><a href=\"https:\/\/t.me\/SuriyeArapHaberAjansI\">Telegram Kanal\u0131m\u0131z\u00a0<\/a><\/p>\n<p><a href=\"https:\/\/www.facebook.com\/SANAHaberAjansi\/\">Facebook Sayfam\u0131z<\/a><\/p>\n<p><a href=\"https:\/\/twitter.com\/arap_ajans\">Twitter Hesab\u0131m\u0131z<\/a><\/p>\n","protected":false},"excerpt":{"rendered":"<p>PEK\u0130N\u00a0 14 A\u011fustos (SANA) &#8211; \u00c7in Savunma Bakan\u0131 Li Shangfu, Pazartesi g\u00fcn\u00fcnden ba\u015flay\u0131p 19&#8217;una kadar devam edecek olan Rusya ve Beyaz Rusya&#8217;y\u0131 ziyaret edecek. Bu, \u00c7in Savunma Bakanl\u0131\u011f\u0131 s\u00f6zc\u00fcs\u00fc Wu Qian taraf\u0131ndan Pazartesi g\u00fcn\u00fc, bakan\u0131n iki \u00fclkeyi ziyaret edece\u011fini ve 11. Moskova Uluslararas\u0131 G\u00fcvenlik Konferans\u0131&#8217;na kat\u0131laca\u011f\u0131n\u0131 s\u00f6yledi\u011finde a\u00e7\u0131kland\u0131. Bas\u0131n a\u00e7\u0131klamas\u0131 \u015f\u00f6yle devam etti: \u2018\u2019Rusya Savunma &hellip;<\/p>\n","protected":false},"author":41,"featured_media":286327,"comment_status":"closed","ping_status":"closed","sticky":false,"template":"","format":"standard","meta":{"footnotes":""},"categories":[458,459,17988],"tags":[39241,39242],"class_list":["post-286326","post","type-post","status-publish","format-standard","has-post-thumbnail","","category-dunya1","category-haberler-arap-uluslararasi-politika","category-son-haberler","tag-cin-savunma-bakani-li-shangfu","tag-rusya-savunma-bakani-sergei-shoigu-ve-belarus-savunma-bakani-viktor-khrenin"],"_links":{"self":[{"href":"https:\/\/archive.sana.sy\/tr\/index.php?rest_route=\/wp\/v2\/posts\/286326","targetHints":{"allow":["GET"]}}],"collection":[{"href":"https:\/\/archive.sana.sy\/tr\/index.php?rest_route=\/wp\/v2\/posts"}],"about":[{"href":"https:\/\/archive.sana.sy\/tr\/index.php?rest_route=\/wp\/v2\/types\/post"}],"author":[{"embeddable":true,"href":"https:\/\/archive.sana.sy\/tr\/index.php?rest_route=\/wp\/v2\/users\/41"}],"replies":[{"embeddable":true,"href":"https:\/\/archive.sana.sy\/tr\/index.php?rest_route=%2Fwp%2Fv2%2Fcomments&post=286326"}],"version-history":[{"count":1,"href":"https:\/\/archive.sana.sy\/tr\/index.php?rest_route=\/wp\/v2\/posts\/286326\/revisions"}],"predecessor-version":[{"id":286328,"href":"https:\/\/archive.sana.sy\/tr\/index.php?rest_route=\/wp\/v2\/posts\/286326\/revisions\/286328"}],"wp:featuredmedia":[{"embeddable":true,"href":"https:\/\/archive.sana.sy\/tr\/index.php?rest_route=\/wp\/v2\/media\/286327"}],"wp:attachment":[{"href":"https:\/\/archive.sana.sy\/tr\/index.php?rest_route=%2Fwp%2Fv2%2Fmedia&parent=286326"}],"wp:term":[{"taxonomy":"category","embeddable":true,"href":"https:\/\/archive.sana.sy\/tr\/index.php?rest_route=%2Fwp%2Fv2%2Fcategories&post=286326"},{"taxonomy":"post_tag","embeddable":true,"href":"https:\/\/archive.sana.sy\/tr\/index.php?rest_route=%2Fwp%2Fv2%2Ftags&post=286326"}],"curies":[{"name":"wp","href":"https:\/\/api.w.org\/{rel}","templated":true}]}}